{"id":115,"date":"2016-04-24T20:55:20","date_gmt":"2016-04-24T18:55:20","guid":{"rendered":"http:\/\/www.tenisovaakademiecelakovice.cz\/?p=115"},"modified":"2016-04-27T09:09:15","modified_gmt":"2016-04-27T07:09:15","slug":"okresni-prebor-praha-vychod-mladsi-zaci-dorost-2016","status":"publish","type":"post","link":"https:\/\/www.tenisovaakademiecelakovice.cz\/?p=115","title":{"rendered":"Okresn\u00ed p\u0159ebor Praha-v\u00fdchod 2016, TK \u010cel\u00e1kovice, mlad\u0161\u00ed \u017e\u00e1ci, dorost"},"content":{"rendered":"<p>Ve dnech 23.-24.4. se v are\u00e1lu TK \u010cel\u00e1kovice konaly okresn\u00ed p\u0159ebory mlad\u0161\u00edch \u017e\u00e1k\u016f a dorostu\u00a0pro Praha-v\u00fdchod.\u00a0V\u00a0kategorii mlad\u0161\u00edch \u017e\u00e1k\u016f zv\u00edt\u011bzili ve dvouh\u0159e Hozman Dominik\u00a0(TK \u010cel\u00e1kovice) a ve \u010dty\u0159h\u0159e Luk\u00e1\u0161 Cve\u010dek (TK \u010cel\u00e1kovice) s L. Havr\u00e1nkem (LTC Hou\u0161tka).\u00a0V dorostu chlapc\u016f zv\u00edt\u011bzil F. Kopeck\u00fd (TK O\u00e1za \u0158\u00ed\u010dany).\u00a0V dorostu d\u00edvek zv\u00edt\u011bzila ve dvouh\u0159e Hozmanov\u00e1 Vanessa (TK \u010cel\u00e1kovice). Fin\u00e1le \u010dty\u0159hry bylo ryze z\u00e1le\u017eitost\u00ed hr\u00e1\u010dek dom\u00e1c\u00edho klubu, kde po nap\u00ednav\u00e9m boji\u00a0vyhr\u00e1la A.\u0160vejdov\u00e1\/D.Nechv\u00e1talov\u00e1 nad V.Michel\u010d\u00edkov\u00e1\/N.St\u0159ihavkov\u00e1. Pro foto z p\u0159ebor\u016f klikni\u00a0\u00a0<a href=\"https:\/\/drive.google.com\/folderview?id=0BxJpVJWRqnAOeGRUMVUydnpreFk&amp;usp=sharing\">zde<\/a>. V\u00fdsledky <a href=\"http:\/\/www.cztenis.cz\/turnaj\/716840\/sezona\/L16\/vysledky\">ml. \u017e\u00e1k\u016f, <\/a><a href=\"http:\/\/www.cztenis.cz\/turnaj\/316840\/sezona\/L16\/vysledky\">dorostenc\u016f<\/a>\u00a0a <a href=\"http:\/\/www.cztenis.cz\/turnaj\/416840\/sezona\/L16\/vysledky\">dorostenek.<\/a><\/p>\n<p><img decoding=\"async\" loading=\"lazy\" class=\"alignnone size-medium wp-image-142\" src=\"https:\/\/www.tenisovaakademiecelakovice.cz\/wp-content\/uploads\/2016\/04\/IMG_2183-300x225.jpg\" alt=\"IMG_2183\" width=\"300\" height=\"225\" srcset=\"https:\/\/www.tenisovaakademiecelakovice.cz\/wp-content\/uploads\/2016\/04\/IMG_2183-300x225.jpg 300w, https:\/\/www.tenisovaakademiecelakovice.cz\/wp-content\/uploads\/2016\/04\/IMG_2183-768x576.jpg 768w, https:\/\/www.tenisovaakademiecelakovice.cz\/wp-content\/uploads\/2016\/04\/IMG_2183-1024x768.jpg 1024w, https:\/\/www.tenisovaakademiecelakovice.cz\/wp-content\/uploads\/2016\/04\/IMG_2183-1x1.jpg 1w, https:\/\/www.tenisovaakademiecelakovice.cz\/wp-content\/uploads\/2016\/04\/IMG_2183.jpg 2016w\" sizes=\"(max-width: 300px) 100vw, 300px\" \/><\/p>\n<p>&nbsp;<\/p>\n<p>&nbsp;<\/p>\n","protected":false},"excerpt":{"rendered":"<p>Ve dnech 23.-24.4. se v are\u00e1lu TK \u010cel\u00e1kovice konaly okresn\u00ed p\u0159ebory mlad\u0161\u00edch \u017e\u00e1k\u016f a dorostu\u00a0pro Praha-v\u00fdchod.\u00a0V\u00a0kategorii mlad\u0161\u00edch \u017e\u00e1k\u016f zv\u00edt\u011bzili ve dvouh\u0159e Hozman Dominik\u00a0(TK \u010cel\u00e1kovice) a ve \u010dty\u0159h\u0159e Luk\u00e1\u0161 Cve\u010dek (TK \u010cel\u00e1kovice) s L. Havr\u00e1nkem (LTC Hou\u0161tka).\u00a0V dorostu chlapc\u016f zv\u00edt\u011bzil F. Kopeck\u00fd (TK O\u00e1za \u0158\u00ed\u010dany).\u00a0V dorostu d\u00edvek zv\u00edt\u011bzila ve dvouh\u0159e Hozmanov\u00e1 Vanessa (TK \u010cel\u00e1kovice). Fin\u00e1le \u010dty\u0159hry [&hellip;]<\/p>\n","protected":false},"author":1,"featured_media":0,"comment_status":"closed","ping_status":"open","sticky":false,"template":"","format":"standard","meta":[],"categories":[1],"tags":[],"_links":{"self":[{"href":"https:\/\/www.tenisovaakademiecelakovice.cz\/index.php?rest_route=\/wp\/v2\/posts\/115"}],"collection":[{"href":"https:\/\/www.tenisovaakademiecelakovice.cz\/index.php?rest_route=\/wp\/v2\/posts"}],"about":[{"href":"https:\/\/www.tenisovaakademiecelakovice.cz\/index.php?rest_route=\/wp\/v2\/types\/post"}],"author":[{"embeddable":true,"href":"https:\/\/www.tenisovaakademiecelakovice.cz\/index.php?rest_route=\/wp\/v2\/users\/1"}],"replies":[{"embeddable":true,"href":"https:\/\/www.tenisovaakademiecelakovice.cz\/index.php?rest_route=%2Fwp%2Fv2%2Fcomments&post=115"}],"version-history":[{"count":23,"href":"https:\/\/www.tenisovaakademiecelakovice.cz\/index.php?rest_route=\/wp\/v2\/posts\/115\/revisions"}],"predecessor-version":[{"id":144,"href":"https:\/\/www.tenisovaakademiecelakovice.cz\/index.php?rest_route=\/wp\/v2\/posts\/115\/revisions\/144"}],"wp:attachment":[{"href":"https:\/\/www.tenisovaakademiecelakovice.cz\/index.php?rest_route=%2Fwp%2Fv2%2Fmedia&parent=115"}],"wp:term":[{"taxonomy":"category","embeddable":true,"href":"https:\/\/www.tenisovaakademiecelakovice.cz\/index.php?rest_route=%2Fwp%2Fv2%2Fcategories&post=115"},{"taxonomy":"post_tag","embeddable":true,"href":"https:\/\/www.tenisovaakademiecelakovice.cz\/index.php?rest_route=%2Fwp%2Fv2%2Ftags&post=115"}],"curies":[{"name":"wp","href":"https:\/\/api.w.org\/{rel}","templated":true}]}}