{"id":164,"date":"2016-05-22T21:26:51","date_gmt":"2016-05-22T19:26:51","guid":{"rendered":"http:\/\/www.tenisovaakademiecelakovice.cz\/?p=164"},"modified":"2016-05-24T18:09:55","modified_gmt":"2016-05-24T16:09:55","slug":"souteze-smisenych-druzstev-3-kolo","status":"publish","type":"post","link":"https:\/\/www.tenisovaakademiecelakovice.cz\/?p=164","title":{"rendered":"Sout\u011b\u017ee sm\u00ed\u0161en\u00fdch dru\u017estev &#8211; 3.kolo"},"content":{"rendered":"<p>Tento v\u00edkend se na\u0161im sm\u00ed\u0161en\u00fdm dru\u017estv\u016fm da\u0159ilo na v\u00fdbornou. Mlad\u0161\u00ed \u017eactvo v d\u016fle\u017eit\u00e9m souboji vyhr\u00e1lo na h\u0159i\u0161ti soupe\u0159e TC Realsport Nymburk &#8211; TK \u010cel\u00e1kovice 4:5, star\u0161\u00ed \u017eactvo jasn\u011b p\u0159ehr\u00e1lo soupe\u0159e ze Sedl\u010dan TK \u010cel\u00e1kovice &#8211; T.J. Sokol Sedl\u010dany 9:0. Dorost tak\u00e9 p\u0159edvedl v\u00fdborn\u00fd v\u00fdkon a zaslou\u017een\u011b vyhr\u00e1l TK \u010cel\u00e1kovice &#8211; TK Mnichovo Hradi\u0161t\u011b 8:1.\u00a0V\u00fdsledky jednotliv\u00fdch z\u00e1pas\u016f: <a href=\"http:\/\/cztenis.cz\/mladsi-zactvo\/druzstva\/sezona\/2016\/soutez\/5040\/zapas-zapis\/10\">mlad\u0161\u00ed \u017eactvo, <\/a><a href=\"http:\/\/www.cztenis.cz\/starsi-zactvo\/druzstva\/sezona\/2016\/soutez\/5033\/zapas-zapis\/9\">star\u0161\u00ed \u017eactvo,\u00a0<\/a><a href=\"http:\/\/www.cztenis.cz\/dorost\/druzstva\/sezona\/2016\/soutez\/5027\/zapas-zapis\/9\">dorost.<\/a>\u00a0Fotogalerie\u00a0<a href=\"https:\/\/drive.google.com\/open?id=0B3cLEwpiKcHvUVJjVFUtczFubEk\">MLAD\u0160\u00cd \u017dACTVO<\/a>, <a href=\"https:\/\/drive.google.com\/open?id=0B3cLEwpiKcHvdG9QMFZUS0dsblk\">STAR\u0160\u00cd \u017dACTVO,\u00a0<\/a> <a href=\"https:\/\/drive.google.com\/open?id=0B3cLEwpiKcHvLS1KZlU0WWpGdkk\">DOROST.<\/a><\/p>\n<p><img decoding=\"async\" loading=\"lazy\" class=\"alignnone size-medium wp-image-171\" src=\"https:\/\/www.tenisovaakademiecelakovice.cz\/wp-content\/uploads\/2016\/05\/foto-mlzaci-300x225.jpeg\" alt=\"foto mlzaci\" width=\"300\" height=\"225\" srcset=\"https:\/\/www.tenisovaakademiecelakovice.cz\/wp-content\/uploads\/2016\/05\/foto-mlzaci-300x225.jpeg 300w, https:\/\/www.tenisovaakademiecelakovice.cz\/wp-content\/uploads\/2016\/05\/foto-mlzaci-768x576.jpeg 768w, https:\/\/www.tenisovaakademiecelakovice.cz\/wp-content\/uploads\/2016\/05\/foto-mlzaci-1024x768.jpeg 1024w, https:\/\/www.tenisovaakademiecelakovice.cz\/wp-content\/uploads\/2016\/05\/foto-mlzaci-1x1.jpeg 1w\" sizes=\"(max-width: 300px) 100vw, 300px\" \/><\/p>\n","protected":false},"excerpt":{"rendered":"<p>Tento v\u00edkend se na\u0161im sm\u00ed\u0161en\u00fdm dru\u017estv\u016fm da\u0159ilo na v\u00fdbornou. Mlad\u0161\u00ed \u017eactvo v d\u016fle\u017eit\u00e9m souboji vyhr\u00e1lo na h\u0159i\u0161ti soupe\u0159e TC Realsport Nymburk &#8211; TK \u010cel\u00e1kovice 4:5, star\u0161\u00ed \u017eactvo jasn\u011b p\u0159ehr\u00e1lo soupe\u0159e ze Sedl\u010dan TK \u010cel\u00e1kovice &#8211; T.J. Sokol Sedl\u010dany 9:0. Dorost tak\u00e9 p\u0159edvedl v\u00fdborn\u00fd v\u00fdkon a zaslou\u017een\u011b vyhr\u00e1l TK \u010cel\u00e1kovice &#8211; TK Mnichovo Hradi\u0161t\u011b 8:1.\u00a0V\u00fdsledky jednotliv\u00fdch [&hellip;]<\/p>\n","protected":false},"author":1,"featured_media":0,"comment_status":"closed","ping_status":"open","sticky":false,"template":"","format":"standard","meta":[],"categories":[1],"tags":[],"_links":{"self":[{"href":"https:\/\/www.tenisovaakademiecelakovice.cz\/index.php?rest_route=\/wp\/v2\/posts\/164"}],"collection":[{"href":"https:\/\/www.tenisovaakademiecelakovice.cz\/index.php?rest_route=\/wp\/v2\/posts"}],"about":[{"href":"https:\/\/www.tenisovaakademiecelakovice.cz\/index.php?rest_route=\/wp\/v2\/types\/post"}],"author":[{"embeddable":true,"href":"https:\/\/www.tenisovaakademiecelakovice.cz\/index.php?rest_route=\/wp\/v2\/users\/1"}],"replies":[{"embeddable":true,"href":"https:\/\/www.tenisovaakademiecelakovice.cz\/index.php?rest_route=%2Fwp%2Fv2%2Fcomments&post=164"}],"version-history":[{"count":6,"href":"https:\/\/www.tenisovaakademiecelakovice.cz\/index.php?rest_route=\/wp\/v2\/posts\/164\/revisions"}],"predecessor-version":[{"id":172,"href":"https:\/\/www.tenisovaakademiecelakovice.cz\/index.php?rest_route=\/wp\/v2\/posts\/164\/revisions\/172"}],"wp:attachment":[{"href":"https:\/\/www.tenisovaakademiecelakovice.cz\/index.php?rest_route=%2Fwp%2Fv2%2Fmedia&parent=164"}],"wp:term":[{"taxonomy":"category","embeddable":true,"href":"https:\/\/www.tenisovaakademiecelakovice.cz\/index.php?rest_route=%2Fwp%2Fv2%2Fcategories&post=164"},{"taxonomy":"post_tag","embeddable":true,"href":"https:\/\/www.tenisovaakademiecelakovice.cz\/index.php?rest_route=%2Fwp%2Fv2%2Ftags&post=164"}],"curies":[{"name":"wp","href":"https:\/\/api.w.org\/{rel}","templated":true}]}}