{"id":175,"date":"2016-05-30T21:34:57","date_gmt":"2016-05-30T19:34:57","guid":{"rendered":"http:\/\/www.tenisovaakademiecelakovice.cz\/?p=175"},"modified":"2016-06-14T14:49:10","modified_gmt":"2016-06-14T12:49:10","slug":"souteze-smisenych-druzstev-4-kolo","status":"publish","type":"post","link":"https:\/\/www.tenisovaakademiecelakovice.cz\/?p=175","title":{"rendered":"Sout\u011b\u017ee sm\u00ed\u0161en\u00fdch dru\u017estev &#8211; 4.kolo"},"content":{"rendered":"<p>U\u017e jsme se p\u0159ehoupli do druh\u00e9 poloviny sout\u011b\u017e\u00ed dru\u017estev. Dru\u017estva star\u0161\u00edho \u017eactva\u00a0a dorostu jsou st\u00e1le ve h\u0159e o postup do vy\u0161\u0161\u00edch t\u0159\u00edd\u00a0sout\u011b\u017ee a svoji v\u00fdbornou v\u00fdkonnost op\u011bt potvrdili: \u00a0Sportclub \u0158evnice &#8211; TK \u010cel\u00e1kovice 2:7; LTC Kol\u00edn B &#8211; TK \u010cel\u00e1kovice 0:9.\u00a0 Mlad\u0161\u00ed \u017eactvo je zat\u00edm v tabulce na 6.m\u00edst\u011b a m\u00e1 st\u00e1le velkou \u0161anci udr\u017eet 1.B t\u0159\u00eddu: TK \u010cel\u00e1kovice &#8211; TK Rado\u0161ovice 1:8. V\u00fdsledky jednotliv\u00fdch z\u00e1pas\u016f: <a href=\"http:\/\/cztenis.cz\/mladsi-zactvo\/druzstva\/sezona\/2016\/soutez\/5040\">mlad\u0161\u00ed \u017eactvo, <\/a><a href=\"http:\/\/cztenis.cz\/starsi-zactvo\/druzstva\/sezona\/2016\/soutez\/5033\/zapas-zapis\/13\">star\u0161\u00ed \u017eactvo,<\/a> <a href=\"http:\/\/cztenis.cz\/dorost\/druzstva\/sezona\/2016\/soutez\/5027\/zapas-zapis\/13\">dorost.<\/a><\/p>\n<p><img decoding=\"async\" loading=\"lazy\" class=\"alignnone size-medium wp-image-176\" src=\"https:\/\/www.tenisovaakademiecelakovice.cz\/wp-content\/uploads\/2016\/05\/Soubor_002-1-e1464635008172-300x158.jpeg\" alt=\"Soubor_002\" width=\"300\" height=\"158\" srcset=\"https:\/\/www.tenisovaakademiecelakovice.cz\/wp-content\/uploads\/2016\/05\/Soubor_002-1-e1464635008172-300x158.jpeg 300w, https:\/\/www.tenisovaakademiecelakovice.cz\/wp-content\/uploads\/2016\/05\/Soubor_002-1-e1464635008172-768x405.jpeg 768w, https:\/\/www.tenisovaakademiecelakovice.cz\/wp-content\/uploads\/2016\/05\/Soubor_002-1-e1464635008172-1024x540.jpeg 1024w, https:\/\/www.tenisovaakademiecelakovice.cz\/wp-content\/uploads\/2016\/05\/Soubor_002-1-e1464635008172-2x1.jpeg 2w\" sizes=\"(max-width: 300px) 100vw, 300px\" \/><\/p>\n","protected":false},"excerpt":{"rendered":"<p>U\u017e jsme se p\u0159ehoupli do druh\u00e9 poloviny sout\u011b\u017e\u00ed dru\u017estev. Dru\u017estva star\u0161\u00edho \u017eactva\u00a0a dorostu jsou st\u00e1le ve h\u0159e o postup do vy\u0161\u0161\u00edch t\u0159\u00edd\u00a0sout\u011b\u017ee a svoji v\u00fdbornou v\u00fdkonnost op\u011bt potvrdili: \u00a0Sportclub \u0158evnice &#8211; TK \u010cel\u00e1kovice 2:7; LTC Kol\u00edn B &#8211; TK \u010cel\u00e1kovice 0:9.\u00a0 Mlad\u0161\u00ed \u017eactvo je zat\u00edm v tabulce na 6.m\u00edst\u011b a m\u00e1 st\u00e1le velkou \u0161anci udr\u017eet [&hellip;]<\/p>\n","protected":false},"author":1,"featured_media":0,"comment_status":"closed","ping_status":"open","sticky":false,"template":"","format":"standard","meta":[],"categories":[1],"tags":[],"_links":{"self":[{"href":"https:\/\/www.tenisovaakademiecelakovice.cz\/index.php?rest_route=\/wp\/v2\/posts\/175"}],"collection":[{"href":"https:\/\/www.tenisovaakademiecelakovice.cz\/index.php?rest_route=\/wp\/v2\/posts"}],"about":[{"href":"https:\/\/www.tenisovaakademiecelakovice.cz\/index.php?rest_route=\/wp\/v2\/types\/post"}],"author":[{"embeddable":true,"href":"https:\/\/www.tenisovaakademiecelakovice.cz\/index.php?rest_route=\/wp\/v2\/users\/1"}],"replies":[{"embeddable":true,"href":"https:\/\/www.tenisovaakademiecelakovice.cz\/index.php?rest_route=%2Fwp%2Fv2%2Fcomments&post=175"}],"version-history":[{"count":2,"href":"https:\/\/www.tenisovaakademiecelakovice.cz\/index.php?rest_route=\/wp\/v2\/posts\/175\/revisions"}],"predecessor-version":[{"id":179,"href":"https:\/\/www.tenisovaakademiecelakovice.cz\/index.php?rest_route=\/wp\/v2\/posts\/175\/revisions\/179"}],"wp:attachment":[{"href":"https:\/\/www.tenisovaakademiecelakovice.cz\/index.php?rest_route=%2Fwp%2Fv2%2Fmedia&parent=175"}],"wp:term":[{"taxonomy":"category","embeddable":true,"href":"https:\/\/www.tenisovaakademiecelakovice.cz\/index.php?rest_route=%2Fwp%2Fv2%2Fcategories&post=175"},{"taxonomy":"post_tag","embeddable":true,"href":"https:\/\/www.tenisovaakademiecelakovice.cz\/index.php?rest_route=%2Fwp%2Fv2%2Ftags&post=175"}],"curies":[{"name":"wp","href":"https:\/\/api.w.org\/{rel}","templated":true}]}}