{"id":180,"date":"2016-06-14T15:06:16","date_gmt":"2016-06-14T13:06:16","guid":{"rendered":"http:\/\/www.tenisovaakademiecelakovice.cz\/?p=180"},"modified":"2016-06-15T13:27:24","modified_gmt":"2016-06-15T11:27:24","slug":"souteze-smisenych-druzstev-5-kolo","status":"publish","type":"post","link":"https:\/\/www.tenisovaakademiecelakovice.cz\/?p=180","title":{"rendered":"Sout\u011b\u017ee sm\u00ed\u0161en\u00fdch dru\u017estev &#8211; 5.kolo"},"content":{"rendered":"<p>O v\u00edkendu 11. &#8211; 12.6. se odehr\u00e1lo 5. kolo sout\u011b\u017ee sm\u00ed\u0161en\u00fdch dru\u017estev.\u00a0Mlad\u0161\u00ed \u017eactvo tento v\u00edkend bohu\u017eel prohr\u00e1lo v \u010cer\u010danech, Slavoj \u010cer\u010dany &#8211; TK \u010cel\u00e1kovice 6 : 3. Star\u0161\u00ed \u017eactvo si s p\u0159ehledem poradilo s\u00a0p\u0159\u00edm\u00fdm konkurentem na postup do I.B t\u0159\u00eddy,\u00a0TK \u010cel\u00e1kovice &#8211; TK Mlad\u00e1 Boleslav 9 : 0.\u00a0\u00a0Dorost v dom\u00e1c\u00edm z\u00e1pase jasn\u011b p\u0159ehr\u00e1l TK \u010c\u00e1slav: TK \u010cel\u00e1kovice &#8211; TK \u010c\u00e1slav 8 : 1. P\u0159esn\u00e9 v\u00fdsledky najdete zde:\u00a0<a href=\"http:\/\/cztenis.cz\/mladsi-zactvo\/druzstva\/sezona\/2016\/soutez\/5040\/zapas-zapis\/19\">mlad\u0161\u00ed \u017eactvo, <\/a><a href=\"http:\/\/cztenis.cz\/starsi-zactvo\/druzstva\/sezona\/2016\/soutez\/5033\/zapas-zapis\/17\">star\u0161\u00ed \u017eactvo, <\/a><a href=\"http:\/\/cztenis.cz\/dorost\/druzstva\/sezona\/2016\/soutez\/5027\/zapas-zapis\/17\">dorost.<\/a> Fotogalerie z 5. kola dru\u017estev <a href=\"https:\/\/drive.google.com\/open?id=0B3cLEwpiKcHvUDE2Q2lTbTFkQVk\">zde.<\/a><\/p>\n<p><img decoding=\"async\" loading=\"lazy\" class=\"alignnone size-medium wp-image-185\" src=\"https:\/\/www.tenisovaakademiecelakovice.cz\/wp-content\/uploads\/2016\/06\/foto-5kolo-e1465989993353-300x272.jpeg\" alt=\"foto 5kolo\" width=\"300\" height=\"272\" srcset=\"https:\/\/www.tenisovaakademiecelakovice.cz\/wp-content\/uploads\/2016\/06\/foto-5kolo-e1465989993353-300x272.jpeg 300w, https:\/\/www.tenisovaakademiecelakovice.cz\/wp-content\/uploads\/2016\/06\/foto-5kolo-e1465989993353-768x696.jpeg 768w, https:\/\/www.tenisovaakademiecelakovice.cz\/wp-content\/uploads\/2016\/06\/foto-5kolo-e1465989993353-1024x928.jpeg 1024w, https:\/\/www.tenisovaakademiecelakovice.cz\/wp-content\/uploads\/2016\/06\/foto-5kolo-e1465989993353-1x1.jpeg 1w, https:\/\/www.tenisovaakademiecelakovice.cz\/wp-content\/uploads\/2016\/06\/foto-5kolo-e1465989993353.jpeg 1536w\" sizes=\"(max-width: 300px) 100vw, 300px\" \/><\/p>\n","protected":false},"excerpt":{"rendered":"<p>O v\u00edkendu 11. &#8211; 12.6. se odehr\u00e1lo 5. kolo sout\u011b\u017ee sm\u00ed\u0161en\u00fdch dru\u017estev.\u00a0Mlad\u0161\u00ed \u017eactvo tento v\u00edkend bohu\u017eel prohr\u00e1lo v \u010cer\u010danech, Slavoj \u010cer\u010dany &#8211; TK \u010cel\u00e1kovice 6 : 3. Star\u0161\u00ed \u017eactvo si s p\u0159ehledem poradilo s\u00a0p\u0159\u00edm\u00fdm konkurentem na postup do I.B t\u0159\u00eddy,\u00a0TK \u010cel\u00e1kovice &#8211; TK Mlad\u00e1 Boleslav 9 : 0.\u00a0\u00a0Dorost v dom\u00e1c\u00edm z\u00e1pase jasn\u011b p\u0159ehr\u00e1l TK \u010c\u00e1slav: [&hellip;]<\/p>\n","protected":false},"author":1,"featured_media":0,"comment_status":"closed","ping_status":"open","sticky":false,"template":"","format":"standard","meta":[],"categories":[1],"tags":[],"_links":{"self":[{"href":"https:\/\/www.tenisovaakademiecelakovice.cz\/index.php?rest_route=\/wp\/v2\/posts\/180"}],"collection":[{"href":"https:\/\/www.tenisovaakademiecelakovice.cz\/index.php?rest_route=\/wp\/v2\/posts"}],"about":[{"href":"https:\/\/www.tenisovaakademiecelakovice.cz\/index.php?rest_route=\/wp\/v2\/types\/post"}],"author":[{"embeddable":true,"href":"https:\/\/www.tenisovaakademiecelakovice.cz\/index.php?rest_route=\/wp\/v2\/users\/1"}],"replies":[{"embeddable":true,"href":"https:\/\/www.tenisovaakademiecelakovice.cz\/index.php?rest_route=%2Fwp%2Fv2%2Fcomments&post=180"}],"version-history":[{"count":3,"href":"https:\/\/www.tenisovaakademiecelakovice.cz\/index.php?rest_route=\/wp\/v2\/posts\/180\/revisions"}],"predecessor-version":[{"id":187,"href":"https:\/\/www.tenisovaakademiecelakovice.cz\/index.php?rest_route=\/wp\/v2\/posts\/180\/revisions\/187"}],"wp:attachment":[{"href":"https:\/\/www.tenisovaakademiecelakovice.cz\/index.php?rest_route=%2Fwp%2Fv2%2Fmedia&parent=180"}],"wp:term":[{"taxonomy":"category","embeddable":true,"href":"https:\/\/www.tenisovaakademiecelakovice.cz\/index.php?rest_route=%2Fwp%2Fv2%2Fcategories&post=180"},{"taxonomy":"post_tag","embeddable":true,"href":"https:\/\/www.tenisovaakademiecelakovice.cz\/index.php?rest_route=%2Fwp%2Fv2%2Ftags&post=180"}],"curies":[{"name":"wp","href":"https:\/\/api.w.org\/{rel}","templated":true}]}}