{"id":196,"date":"2016-07-12T15:17:38","date_gmt":"2016-07-12T13:17:38","guid":{"rendered":"http:\/\/www.tenisovaakademiecelakovice.cz\/?p=196"},"modified":"2016-07-13T15:03:41","modified_gmt":"2016-07-13T13:03:41","slug":"souteze-smisenych-druzstev-2016","status":"publish","type":"post","link":"https:\/\/www.tenisovaakademiecelakovice.cz\/?p=196","title":{"rendered":"Sout\u011b\u017ee sm\u00ed\u0161en\u00fdch dru\u017estev 2016"},"content":{"rendered":"<p><span style=\"font-weight: 400;\">Sout\u011b\u017en\u00ed rok 2016 zastihl hr\u00e1\u010de na\u0161ich sm\u00ed\u0161en\u00fdch dru\u017estev ve v\u00fdborn\u00e9 form\u011b. <\/span><b>Dru\u017estvo mlad\u0161\u00edho \u017eactva<\/b><span style=\"font-weight: 400;\"> hr\u00e1lo 1. t\u0159\u00eddu B ve St\u0159edo\u010desk\u00e9m kraji &#8211; ze v\u0161ech na\u0161ich dru\u017estev hraje dlouhodob\u011b nejvy\u0161\u0161\u00ed sout\u011b\u017en\u00ed t\u0159\u00eddu. V tomto roce jsme se pot\u00fdkali s odchodem hr\u00e1\u010d\u016f do star\u0161\u00edch kategori\u00ed. P\u0159esto se poda\u0159ilo splnit t\u011b\u017ek\u00fd c\u00edl leto\u0161n\u00ed sez\u00f3ny, udr\u017eet kvalitn\u00ed 1. t\u0159\u00eddu B i pro n\u00e1sleduj\u00edc\u00ed ro\u010dn\u00edk. <\/span><b>Dru\u017estvo star\u0161\u00edho \u017eactva<\/b><span style=\"font-weight: 400;\"> nav\u00e1zalo na v\u00fdborn\u00e9 v\u00fdsledky jednotlivc\u016f na okresn\u00edch a krajsk\u00fdch p\u0159eborech. Pro\u0161lo sout\u011b\u017e\u00ed bez zav\u00e1h\u00e1n\u00ed s celkov\u00fdm sk\u00f3re 7:0, v\u0161echny soupe\u0159e v\u00fdrazn\u011b porazilo a dos\u00e1hlo tak jasn\u00e9ho postupu do 1. t\u0159\u00eddy B. <\/span><b>Dorost<\/b><span style=\"font-weight: 400;\"> m\u011bl t\u011b\u017ek\u00fd vstup do sout\u011b\u017ee, zp\u016fsoben\u00fd p\u0159edev\u0161\u00edm mal\u00fdm po\u010dtem hr\u00e1\u010d\u016f v t\u00e9to v\u011bkov\u00e9 kategorii. Nejednou zde bojovali hr\u00e1\u010di z dru\u017estva mlad\u0161\u00edch \u017e\u00e1k\u016f. \u00a0Ale i tak dorost do posledn\u00ed chv\u00edle bojoval o postup ze skupiny, kter\u00fd mu unikl v rozhoduj\u00edc\u00edm z\u00e1pase v Rado\u0161ovic\u00edch a skon\u010dil tak ve 3. t\u0159\u00edd\u011b B na druh\u00e9m m\u00edst\u011b. <\/span><b>Dru\u017estvo dosp\u011bl\u00edch<\/b><span style=\"font-weight: 400;\"> ji\u017e n\u011bkolik let bojuje o postupu do 1. t\u0159\u00eddy B. Ale i p\u0159es v\u00fdrazn\u00e9 \u201cprokrven\u00ed\u201d t\u00fdmu se po velmi dobr\u00e9 sez\u00f3n\u011b um\u00edstilo na snad ji\u017e p\u0159edur\u010den\u00e9m druh\u00e9m m\u00edst\u011b. Um\u00edst\u011bn\u00ed v tabulk\u00e1ch jednotliv\u00fdch v\u011bkov\u00fdch kategori\u00ed naleznete zde: \u00a0<a href=\"http:\/\/cztenis.cz\/mladsi-zactvo\/druzstva\/sezona\/2016\/soutez\/5040\/druzstvo\/4\">mlad\u0161\u00ed \u017eactvo,<\/a>\u00a0<a href=\"http:\/\/www.cztenis.cz\/starsi-zactvo\/druzstva\/sezona\/2016\/soutez\/5033\">star\u0161\u00ed \u017eactvo,<\/a>\u00a0<a href=\"http:\/\/www.cztenis.cz\/dorost\/druzstva\/sezona\/2016\/soutez\/5027\/druzstvo\/8\">dorost.<\/a>\u00a0<\/span><span style=\"font-weight: 400;\">Gratulujeme k v\u00fdborn\u00fdm v\u00fdkon\u016fm a d\u011bkujeme nejen v\u0161em hr\u00e1\u010d\u016fm za \u00fasp\u011b\u0161nou reprezentaci na\u0161eho klubu TK \u010cel\u00e1kovice, ale tak\u00e9 tren\u00e9r\u016fm a rodin\u00e1m v\u0161ech hr\u00e1\u010d\u016f &#8211; bez jejich\u017e pomoci a porozum\u011bn\u00ed by jsme sezonu takto \u00fasp\u011b\u0161n\u011b nezakon\u010dili. Aby na\u0161i hr\u00e1\u010di neusnuli na vav\u0159\u00ednech, ji\u017e nyn\u00ed pro n\u011b p\u0159ipravujeme klubov\u00e9 tr\u00e9ninky kter\u00e9 budou d\u00edky nov\u00e9 nafukovac\u00ed hale prob\u00edhat tentokr\u00e1t i v zimn\u00ed sez\u00f3n\u011b. Pokud m\u00e1te d\u011bti, kte\u0159\u00ed maj\u00ed z\u00e1jem o tenisovou hru nev\u00e1hejte a p\u0159ij\u010fte si na \u201cden otev\u0159en\u00fdch dve\u0159\u00ed\u201d vyzkou\u0161et zdarma tr\u00e9nink v na\u0161\u00ed tenisov\u00e9 akademii. I oni mohou v budoucnu reprezentovat n\u00e1\u0161 klub.<\/span><\/p>\n<p><span style=\"font-weight: 400;\">Term\u00edny zku\u0161ebn\u00edch tr\u00e9nink\u016f: 6.9.2016 v 16.00 a 15.9.2016 v 17:00<\/span><\/p>\n<p>&nbsp;<\/p>\n<p><img decoding=\"async\" loading=\"lazy\" class=\"alignnone size-medium wp-image-193\" src=\"https:\/\/www.tenisovaakademiecelakovice.cz\/wp-content\/uploads\/2016\/07\/Soubor_001-e1468324968106-300x203.jpeg\" alt=\"Soubor_001\" width=\"300\" height=\"203\" srcset=\"https:\/\/www.tenisovaakademiecelakovice.cz\/wp-content\/uploads\/2016\/07\/Soubor_001-e1468324968106-300x203.jpeg 300w, https:\/\/www.tenisovaakademiecelakovice.cz\/wp-content\/uploads\/2016\/07\/Soubor_001-e1468324968106-768x519.jpeg 768w, https:\/\/www.tenisovaakademiecelakovice.cz\/wp-content\/uploads\/2016\/07\/Soubor_001-e1468324968106-1024x692.jpeg 1024w, https:\/\/www.tenisovaakademiecelakovice.cz\/wp-content\/uploads\/2016\/07\/Soubor_001-e1468324968106-1x1.jpeg 1w\" sizes=\"(max-width: 300px) 100vw, 300px\" \/><\/p>\n","protected":false},"excerpt":{"rendered":"<p>Sout\u011b\u017en\u00ed rok 2016 zastihl hr\u00e1\u010de na\u0161ich sm\u00ed\u0161en\u00fdch dru\u017estev ve v\u00fdborn\u00e9 form\u011b. Dru\u017estvo mlad\u0161\u00edho \u017eactva hr\u00e1lo 1. t\u0159\u00eddu B ve St\u0159edo\u010desk\u00e9m kraji &#8211; ze v\u0161ech na\u0161ich dru\u017estev hraje dlouhodob\u011b nejvy\u0161\u0161\u00ed sout\u011b\u017en\u00ed t\u0159\u00eddu. V tomto roce jsme se pot\u00fdkali s odchodem hr\u00e1\u010d\u016f do star\u0161\u00edch kategori\u00ed. P\u0159esto se poda\u0159ilo splnit t\u011b\u017ek\u00fd c\u00edl leto\u0161n\u00ed sez\u00f3ny, udr\u017eet kvalitn\u00ed 1. t\u0159\u00eddu [&hellip;]<\/p>\n","protected":false},"author":1,"featured_media":0,"comment_status":"closed","ping_status":"open","sticky":false,"template":"","format":"standard","meta":[],"categories":[1],"tags":[],"_links":{"self":[{"href":"https:\/\/www.tenisovaakademiecelakovice.cz\/index.php?rest_route=\/wp\/v2\/posts\/196"}],"collection":[{"href":"https:\/\/www.tenisovaakademiecelakovice.cz\/index.php?rest_route=\/wp\/v2\/posts"}],"about":[{"href":"https:\/\/www.tenisovaakademiecelakovice.cz\/index.php?rest_route=\/wp\/v2\/types\/post"}],"author":[{"embeddable":true,"href":"https:\/\/www.tenisovaakademiecelakovice.cz\/index.php?rest_route=\/wp\/v2\/users\/1"}],"replies":[{"embeddable":true,"href":"https:\/\/www.tenisovaakademiecelakovice.cz\/index.php?rest_route=%2Fwp%2Fv2%2Fcomments&post=196"}],"version-history":[{"count":5,"href":"https:\/\/www.tenisovaakademiecelakovice.cz\/index.php?rest_route=\/wp\/v2\/posts\/196\/revisions"}],"predecessor-version":[{"id":202,"href":"https:\/\/www.tenisovaakademiecelakovice.cz\/index.php?rest_route=\/wp\/v2\/posts\/196\/revisions\/202"}],"wp:attachment":[{"href":"https:\/\/www.tenisovaakademiecelakovice.cz\/index.php?rest_route=%2Fwp%2Fv2%2Fmedia&parent=196"}],"wp:term":[{"taxonomy":"category","embeddable":true,"href":"https:\/\/www.tenisovaakademiecelakovice.cz\/index.php?rest_route=%2Fwp%2Fv2%2Fcategories&post=196"},{"taxonomy":"post_tag","embeddable":true,"href":"https:\/\/www.tenisovaakademiecelakovice.cz\/index.php?rest_route=%2Fwp%2Fv2%2Ftags&post=196"}],"curies":[{"name":"wp","href":"https:\/\/api.w.org\/{rel}","templated":true}]}}