{"id":277,"date":"2016-09-11T15:15:03","date_gmt":"2016-09-11T13:15:03","guid":{"rendered":"http:\/\/www.tenisovaakademiecelakovice.cz\/?p=277"},"modified":"2016-09-11T15:15:03","modified_gmt":"2016-09-11T13:15:03","slug":"nabor-do-tenisovych-kurzu","status":"publish","type":"post","link":"https:\/\/www.tenisovaakademiecelakovice.cz\/?p=277","title":{"rendered":"N\u00e1bor do tenisov\u00fdch kurz\u016f"},"content":{"rendered":"<p>V \u00fater\u00fd 6.9. se konal prvn\u00ed z n\u00e1bor\u016f do tenisov\u00e9 akademie. Mile n\u00e1s p\u0159ekvapilo, jak velk\u00e9 mno\u017estv\u00ed d\u011bt\u00ed projevilo z\u00e1jem o tenis. D\u011bkujeme v\u0161em p\u0159\u00edtomn\u00fdm a t\u011b\u0161\u00edme se na druh\u00fd n\u00e1bor, kter\u00fd se kon\u00e1 ve \u010dtvrtek 15.9.2016 v 17.00.<\/p>\n<p><a href=\"https:\/\/www.tenisovaakademiecelakovice.cz\/wp-content\/uploads\/2016\/09\/nabor-2016-e1473599638858.jpg\"><img decoding=\"async\" loading=\"lazy\" class=\"alignnone size-medium wp-image-279\" src=\"https:\/\/www.tenisovaakademiecelakovice.cz\/wp-content\/uploads\/2016\/09\/nabor-2016-e1473599638858-300x269.jpg\" alt=\"nabor-2016\" width=\"300\" height=\"269\" srcset=\"https:\/\/www.tenisovaakademiecelakovice.cz\/wp-content\/uploads\/2016\/09\/nabor-2016-e1473599638858-300x269.jpg 300w, https:\/\/www.tenisovaakademiecelakovice.cz\/wp-content\/uploads\/2016\/09\/nabor-2016-e1473599638858-768x688.jpg 768w, https:\/\/www.tenisovaakademiecelakovice.cz\/wp-content\/uploads\/2016\/09\/nabor-2016-e1473599638858-1024x917.jpg 1024w, https:\/\/www.tenisovaakademiecelakovice.cz\/wp-content\/uploads\/2016\/09\/nabor-2016-e1473599638858-1x1.jpg 1w\" sizes=\"(max-width: 300px) 100vw, 300px\" \/><\/a>\u00a0 \u00a0 \u00a0 \u00a0 \u00a0 \u00a0<a href=\"https:\/\/www.tenisovaakademiecelakovice.cz\/wp-content\/uploads\/2016\/09\/nabor-1-e1473599677592.jpg\"><img decoding=\"async\" loading=\"lazy\" class=\"alignnone size-medium wp-image-278\" src=\"https:\/\/www.tenisovaakademiecelakovice.cz\/wp-content\/uploads\/2016\/09\/nabor-1-e1473599677592-300x266.jpg\" alt=\"nabor-1\" width=\"300\" height=\"266\" srcset=\"https:\/\/www.tenisovaakademiecelakovice.cz\/wp-content\/uploads\/2016\/09\/nabor-1-e1473599677592-300x266.jpg 300w, https:\/\/www.tenisovaakademiecelakovice.cz\/wp-content\/uploads\/2016\/09\/nabor-1-e1473599677592-768x681.jpg 768w, https:\/\/www.tenisovaakademiecelakovice.cz\/wp-content\/uploads\/2016\/09\/nabor-1-e1473599677592-1024x908.jpg 1024w, https:\/\/www.tenisovaakademiecelakovice.cz\/wp-content\/uploads\/2016\/09\/nabor-1-e1473599677592-1x1.jpg 1w\" sizes=\"(max-width: 300px) 100vw, 300px\" \/><\/a><\/p>\n<p>&nbsp;<\/p>\n<p>&nbsp;<\/p>\n","protected":false},"excerpt":{"rendered":"<p>V \u00fater\u00fd 6.9. se konal prvn\u00ed z n\u00e1bor\u016f do tenisov\u00e9 akademie. Mile n\u00e1s p\u0159ekvapilo, jak velk\u00e9 mno\u017estv\u00ed d\u011bt\u00ed projevilo z\u00e1jem o tenis. D\u011bkujeme v\u0161em p\u0159\u00edtomn\u00fdm a t\u011b\u0161\u00edme se na druh\u00fd n\u00e1bor, kter\u00fd se kon\u00e1 ve \u010dtvrtek 15.9.2016 v 17.00. \u00a0 \u00a0 \u00a0 \u00a0 \u00a0 \u00a0 &nbsp; &nbsp;<\/p>\n","protected":false},"author":1,"featured_media":0,"comment_status":"closed","ping_status":"open","sticky":false,"template":"","format":"standard","meta":[],"categories":[1],"tags":[],"_links":{"self":[{"href":"https:\/\/www.tenisovaakademiecelakovice.cz\/index.php?rest_route=\/wp\/v2\/posts\/277"}],"collection":[{"href":"https:\/\/www.tenisovaakademiecelakovice.cz\/index.php?rest_route=\/wp\/v2\/posts"}],"about":[{"href":"https:\/\/www.tenisovaakademiecelakovice.cz\/index.php?rest_route=\/wp\/v2\/types\/post"}],"author":[{"embeddable":true,"href":"https:\/\/www.tenisovaakademiecelakovice.cz\/index.php?rest_route=\/wp\/v2\/users\/1"}],"replies":[{"embeddable":true,"href":"https:\/\/www.tenisovaakademiecelakovice.cz\/index.php?rest_route=%2Fwp%2Fv2%2Fcomments&post=277"}],"version-history":[{"count":2,"href":"https:\/\/www.tenisovaakademiecelakovice.cz\/index.php?rest_route=\/wp\/v2\/posts\/277\/revisions"}],"predecessor-version":[{"id":281,"href":"https:\/\/www.tenisovaakademiecelakovice.cz\/index.php?rest_route=\/wp\/v2\/posts\/277\/revisions\/281"}],"wp:attachment":[{"href":"https:\/\/www.tenisovaakademiecelakovice.cz\/index.php?rest_route=%2Fwp%2Fv2%2Fmedia&parent=277"}],"wp:term":[{"taxonomy":"category","embeddable":true,"href":"https:\/\/www.tenisovaakademiecelakovice.cz\/index.php?rest_route=%2Fwp%2Fv2%2Fcategories&post=277"},{"taxonomy":"post_tag","embeddable":true,"href":"https:\/\/www.tenisovaakademiecelakovice.cz\/index.php?rest_route=%2Fwp%2Fv2%2Ftags&post=277"}],"curies":[{"name":"wp","href":"https:\/\/api.w.org\/{rel}","templated":true}]}}