{"id":289,"date":"2016-11-29T18:58:08","date_gmt":"2016-11-29T17:58:08","guid":{"rendered":"http:\/\/www.tenisovaakademiecelakovice.cz\/?p=289"},"modified":"2020-02-03T20:48:29","modified_gmt":"2020-02-03T19:48:29","slug":"tk-celakovice-tenisova-hala","status":"publish","type":"post","link":"https:\/\/www.tenisovaakademiecelakovice.cz\/?p=289","title":{"rendered":"TK \u010cel\u00e1kovice &#8211; Tenisov\u00e1 hala"},"content":{"rendered":"<p>Sobota 15. \u0159\u00edjna 2016 se zapsala do pam\u011bt\u00ed \u010dlen\u016f Tenisov\u00e9ho klubu \u010cel\u00e1kovice. V tento slune\u010dn\u00fd den se po dlouh\u00fdch p\u0159\u00edprav\u00e1ch poda\u0159ilo postavit novou nafukovac\u00ed halu pro dva kurty. Tento tradi\u010dn\u00ed tenisov\u00fd klub, kter\u00fd m\u00e1 nejen v historii \u010cel\u00e1kovic svoje pevn\u00e9 m\u00edsto se t\u00edmto za\u0159adil mezi sportovn\u00ed kluby, ve kter\u00fdch se m\u016f\u017eete sv\u00e9mu obl\u00edben\u00e9mu sportu v\u011bnovat celoro\u010dn\u011b. D\u011bkujeme v\u0161em, kte\u0159\u00ed se na p\u0159\u00edprav\u00e1ch a stavb\u011b tenisov\u00e9 haly pod\u00edleli. P\u0159ejeme hodn\u011b \u0161t\u011bst\u00ed do zimn\u00ed sez\u00f3ny. Tenisov\u00e9 kurty si m\u016f\u017eete rezervovat telefonicky u spr\u00e1vce klubu TEL: 723 025 880 nebo emailem na <a href=\"mailto:info@teniscelakovice.cz\">info@teniscelakovice.cz<\/a>. V\u00a0dopoledn\u00edch hodin\u00e1ch a o v\u00edkendu se hraje za 320\/hod, odpoledne a ve\u010der za 380\/hod &#8211; \u010dlenov\u00e9 klubu maj\u00ed 25% slevu. Obsazenost kurt\u016f a voln\u00e9 hodiny v\u00a0hale m\u016f\u017eete naj\u00edt na <a href=\"http:\/\/www.tkcelakovice.cz\" target=\"_blank\" rel=\"noopener noreferrer\">http:\/\/www.tkcelakovice.cz<\/a>\u00a0v\u00a0z\u00e1lo\u017ece rezervace.<\/p>\n<p><a href=\"https:\/\/www.tenisovaakademiecelakovice.cz\/wp-content\/uploads\/2016\/11\/Hala-2.jpg\"><img decoding=\"async\" loading=\"lazy\" class=\"alignnone size-large wp-image-288\" src=\"https:\/\/www.tenisovaakademiecelakovice.cz\/wp-content\/uploads\/2016\/11\/Hala-2-1024x576.jpg\" alt=\"hala-2\" width=\"654\" height=\"368\" srcset=\"https:\/\/www.tenisovaakademiecelakovice.cz\/wp-content\/uploads\/2016\/11\/Hala-2-1024x576.jpg 1024w, https:\/\/www.tenisovaakademiecelakovice.cz\/wp-content\/uploads\/2016\/11\/Hala-2-300x169.jpg 300w, https:\/\/www.tenisovaakademiecelakovice.cz\/wp-content\/uploads\/2016\/11\/Hala-2-768x432.jpg 768w, https:\/\/www.tenisovaakademiecelakovice.cz\/wp-content\/uploads\/2016\/11\/Hala-2-2x1.jpg 2w\" sizes=\"(max-width: 654px) 100vw, 654px\" \/><\/a><\/p>\n","protected":false},"excerpt":{"rendered":"<p>Sobota 15. \u0159\u00edjna 2016 se zapsala do pam\u011bt\u00ed \u010dlen\u016f Tenisov\u00e9ho klubu \u010cel\u00e1kovice. V tento slune\u010dn\u00fd den se po dlouh\u00fdch p\u0159\u00edprav\u00e1ch poda\u0159ilo postavit novou nafukovac\u00ed halu pro dva kurty. Tento tradi\u010dn\u00ed tenisov\u00fd klub, kter\u00fd m\u00e1 nejen v historii \u010cel\u00e1kovic svoje pevn\u00e9 m\u00edsto se t\u00edmto za\u0159adil mezi sportovn\u00ed kluby, ve kter\u00fdch se m\u016f\u017eete sv\u00e9mu obl\u00edben\u00e9mu sportu v\u011bnovat [&hellip;]<\/p>\n","protected":false},"author":1,"featured_media":0,"comment_status":"closed","ping_status":"open","sticky":false,"template":"","format":"standard","meta":[],"categories":[1],"tags":[],"_links":{"self":[{"href":"https:\/\/www.tenisovaakademiecelakovice.cz\/index.php?rest_route=\/wp\/v2\/posts\/289"}],"collection":[{"href":"https:\/\/www.tenisovaakademiecelakovice.cz\/index.php?rest_route=\/wp\/v2\/posts"}],"about":[{"href":"https:\/\/www.tenisovaakademiecelakovice.cz\/index.php?rest_route=\/wp\/v2\/types\/post"}],"author":[{"embeddable":true,"href":"https:\/\/www.tenisovaakademiecelakovice.cz\/index.php?rest_route=\/wp\/v2\/users\/1"}],"replies":[{"embeddable":true,"href":"https:\/\/www.tenisovaakademiecelakovice.cz\/index.php?rest_route=%2Fwp%2Fv2%2Fcomments&post=289"}],"version-history":[{"count":5,"href":"https:\/\/www.tenisovaakademiecelakovice.cz\/index.php?rest_route=\/wp\/v2\/posts\/289\/revisions"}],"predecessor-version":[{"id":587,"href":"https:\/\/www.tenisovaakademiecelakovice.cz\/index.php?rest_route=\/wp\/v2\/posts\/289\/revisions\/587"}],"wp:attachment":[{"href":"https:\/\/www.tenisovaakademiecelakovice.cz\/index.php?rest_route=%2Fwp%2Fv2%2Fmedia&parent=289"}],"wp:term":[{"taxonomy":"category","embeddable":true,"href":"https:\/\/www.tenisovaakademiecelakovice.cz\/index.php?rest_route=%2Fwp%2Fv2%2Fcategories&post=289"},{"taxonomy":"post_tag","embeddable":true,"href":"https:\/\/www.tenisovaakademiecelakovice.cz\/index.php?rest_route=%2Fwp%2Fv2%2Ftags&post=289"}],"curies":[{"name":"wp","href":"https:\/\/api.w.org\/{rel}","templated":true}]}}