{"id":299,"date":"2016-12-20T17:36:30","date_gmt":"2016-12-20T16:36:30","guid":{"rendered":"http:\/\/www.tenisovaakademiecelakovice.cz\/?p=299"},"modified":"2016-12-20T17:36:30","modified_gmt":"2016-12-20T16:36:30","slug":"vyhlaseni-uspesnych-sportovcu-v-celakovicich","status":"publish","type":"post","link":"https:\/\/www.tenisovaakademiecelakovice.cz\/?p=299","title":{"rendered":"Vyhl\u00e1\u0161en\u00ed \u00fasp\u011b\u0161n\u00fdch sportovc\u016f v \u010cel\u00e1kovic\u00edch"},"content":{"rendered":"<div>Na \u010cel\u00e1kovick\u00e9 radnici prob\u011bhlo ji\u017e tradi\u010dn\u00ed setk\u00e1n\u00ed \u00fasp\u011b\u0161n\u00fdch sportovc\u016f z na\u0161eho m\u011bsta. N\u00e1\u0161 klub reprezentovali hr\u00e1\u010di Vanessa Hozmanov\u00e1, Dominik Hozman a Martin Modr\u00e1k.<\/div>\n<div>Setk\u00e1n\u00ed prob\u00edhalo ve velice p\u0159\u00e1telsk\u00e9 atmosf\u00e9\u0159e, kdy sportovci z r\u016fzn\u00fdch odv\u011btv\u00ed prezentovali sv\u00e9 i klubov\u00e9 \u00fasp\u011bchy.<\/div>\n<div><a href=\"https:\/\/www.tenisovaakademiecelakovice.cz\/wp-content\/uploads\/2016\/12\/vyhl\u00e1\u0161en\u00ed-sportovcu-2016.jpg\"><img decoding=\"async\" loading=\"lazy\" class=\"alignnone size-medium wp-image-300\" src=\"https:\/\/www.tenisovaakademiecelakovice.cz\/wp-content\/uploads\/2016\/12\/vyhl\u00e1\u0161en\u00ed-sportovcu-2016-225x300.jpg\" alt=\"vyhlaseni-sportovcu-2016\" width=\"225\" height=\"300\" srcset=\"https:\/\/www.tenisovaakademiecelakovice.cz\/wp-content\/uploads\/2016\/12\/vyhl\u00e1\u0161en\u00ed-sportovcu-2016-225x300.jpg 225w, https:\/\/www.tenisovaakademiecelakovice.cz\/wp-content\/uploads\/2016\/12\/vyhl\u00e1\u0161en\u00ed-sportovcu-2016-768x1024.jpg 768w, https:\/\/www.tenisovaakademiecelakovice.cz\/wp-content\/uploads\/2016\/12\/vyhl\u00e1\u0161en\u00ed-sportovcu-2016-1x1.jpg 1w\" sizes=\"(max-width: 225px) 100vw, 225px\" \/><\/a><\/div>\n","protected":false},"excerpt":{"rendered":"<p>Na \u010cel\u00e1kovick\u00e9 radnici prob\u011bhlo ji\u017e tradi\u010dn\u00ed setk\u00e1n\u00ed \u00fasp\u011b\u0161n\u00fdch sportovc\u016f z na\u0161eho m\u011bsta. N\u00e1\u0161 klub reprezentovali hr\u00e1\u010di Vanessa Hozmanov\u00e1, Dominik Hozman a Martin Modr\u00e1k. Setk\u00e1n\u00ed prob\u00edhalo ve velice p\u0159\u00e1telsk\u00e9 atmosf\u00e9\u0159e, kdy sportovci z r\u016fzn\u00fdch odv\u011btv\u00ed prezentovali sv\u00e9 i klubov\u00e9 \u00fasp\u011bchy.<\/p>\n","protected":false},"author":1,"featured_media":0,"comment_status":"closed","ping_status":"open","sticky":false,"template":"","format":"standard","meta":[],"categories":[1],"tags":[],"_links":{"self":[{"href":"https:\/\/www.tenisovaakademiecelakovice.cz\/index.php?rest_route=\/wp\/v2\/posts\/299"}],"collection":[{"href":"https:\/\/www.tenisovaakademiecelakovice.cz\/index.php?rest_route=\/wp\/v2\/posts"}],"about":[{"href":"https:\/\/www.tenisovaakademiecelakovice.cz\/index.php?rest_route=\/wp\/v2\/types\/post"}],"author":[{"embeddable":true,"href":"https:\/\/www.tenisovaakademiecelakovice.cz\/index.php?rest_route=\/wp\/v2\/users\/1"}],"replies":[{"embeddable":true,"href":"https:\/\/www.tenisovaakademiecelakovice.cz\/index.php?rest_route=%2Fwp%2Fv2%2Fcomments&post=299"}],"version-history":[{"count":1,"href":"https:\/\/www.tenisovaakademiecelakovice.cz\/index.php?rest_route=\/wp\/v2\/posts\/299\/revisions"}],"predecessor-version":[{"id":301,"href":"https:\/\/www.tenisovaakademiecelakovice.cz\/index.php?rest_route=\/wp\/v2\/posts\/299\/revisions\/301"}],"wp:attachment":[{"href":"https:\/\/www.tenisovaakademiecelakovice.cz\/index.php?rest_route=%2Fwp%2Fv2%2Fmedia&parent=299"}],"wp:term":[{"taxonomy":"category","embeddable":true,"href":"https:\/\/www.tenisovaakademiecelakovice.cz\/index.php?rest_route=%2Fwp%2Fv2%2Fcategories&post=299"},{"taxonomy":"post_tag","embeddable":true,"href":"https:\/\/www.tenisovaakademiecelakovice.cz\/index.php?rest_route=%2Fwp%2Fv2%2Ftags&post=299"}],"curies":[{"name":"wp","href":"https:\/\/api.w.org\/{rel}","templated":true}]}}