{"id":324,"date":"2017-03-14T19:15:32","date_gmt":"2017-03-14T18:15:32","guid":{"rendered":"http:\/\/www.tenisovaakademiecelakovice.cz\/?p=324"},"modified":"2017-03-14T19:15:32","modified_gmt":"2017-03-14T18:15:32","slug":"turnaj-11-3-2017","status":"publish","type":"post","link":"https:\/\/www.tenisovaakademiecelakovice.cz\/?p=324","title":{"rendered":"Turnaj 11.3.2017"},"content":{"rendered":"<p>V sobotu 11. b\u0159ezna 2017 se v\u00a0r\u00e1mci p\u0159\u00edprav na jarn\u00ed mistrovsk\u00e1 utk\u00e1n\u00ed uskute\u010dnil klubov\u00fd turnaj mlad\u00fdch tenist\u016f. Ve vyrovnan\u00e9m turnaji zv\u00edt\u011bzil Kodera Maty\u00e1\u0161, na druh\u00e9m m\u00edst\u011b se um\u00edstila Uhrov\u00e1 Nela a na t\u0159et\u00ed m\u00edsto vybojoval Cve\u010dek Filip. D\u011bkujeme po\u0159adatel\u016fm a hr\u00e1\u010d\u016fm gratulujeme k\u00a0dobr\u00fdm v\u00fdkon\u016fm. O v\u00edkendu 25.-26.3.2017 se tak\u00e9 m\u016f\u017eete p\u0159ij\u00edt pod\u00edvat na celost\u00e1tn\u00ed turnaj star\u0161\u00edch \u017e\u00e1k\u016f.<\/p>\n<p><a href=\"https:\/\/www.tenisovaakademiecelakovice.cz\/wp-content\/uploads\/2017\/03\/DSC_0055_2.jpg\"><img decoding=\"async\" loading=\"lazy\" class=\"alignnone size-large wp-image-325\" src=\"https:\/\/www.tenisovaakademiecelakovice.cz\/wp-content\/uploads\/2017\/03\/DSC_0055_2-1024x549.jpg\" alt=\"\" width=\"654\" height=\"351\" srcset=\"https:\/\/www.tenisovaakademiecelakovice.cz\/wp-content\/uploads\/2017\/03\/DSC_0055_2-1024x549.jpg 1024w, https:\/\/www.tenisovaakademiecelakovice.cz\/wp-content\/uploads\/2017\/03\/DSC_0055_2-300x161.jpg 300w, https:\/\/www.tenisovaakademiecelakovice.cz\/wp-content\/uploads\/2017\/03\/DSC_0055_2-768x412.jpg 768w, https:\/\/www.tenisovaakademiecelakovice.cz\/wp-content\/uploads\/2017\/03\/DSC_0055_2-2x1.jpg 2w\" sizes=\"(max-width: 654px) 100vw, 654px\" \/><\/a><\/p>\n","protected":false},"excerpt":{"rendered":"<p>V sobotu 11. b\u0159ezna 2017 se v\u00a0r\u00e1mci p\u0159\u00edprav na jarn\u00ed mistrovsk\u00e1 utk\u00e1n\u00ed uskute\u010dnil klubov\u00fd turnaj mlad\u00fdch tenist\u016f. Ve vyrovnan\u00e9m turnaji zv\u00edt\u011bzil Kodera Maty\u00e1\u0161, na druh\u00e9m m\u00edst\u011b se um\u00edstila Uhrov\u00e1 Nela a na t\u0159et\u00ed m\u00edsto vybojoval Cve\u010dek Filip. D\u011bkujeme po\u0159adatel\u016fm a hr\u00e1\u010d\u016fm gratulujeme k\u00a0dobr\u00fdm v\u00fdkon\u016fm. O v\u00edkendu 25.-26.3.2017 se tak\u00e9 m\u016f\u017eete p\u0159ij\u00edt pod\u00edvat na celost\u00e1tn\u00ed turnaj [&hellip;]<\/p>\n","protected":false},"author":1,"featured_media":0,"comment_status":"closed","ping_status":"open","sticky":false,"template":"","format":"standard","meta":[],"categories":[1],"tags":[],"_links":{"self":[{"href":"https:\/\/www.tenisovaakademiecelakovice.cz\/index.php?rest_route=\/wp\/v2\/posts\/324"}],"collection":[{"href":"https:\/\/www.tenisovaakademiecelakovice.cz\/index.php?rest_route=\/wp\/v2\/posts"}],"about":[{"href":"https:\/\/www.tenisovaakademiecelakovice.cz\/index.php?rest_route=\/wp\/v2\/types\/post"}],"author":[{"embeddable":true,"href":"https:\/\/www.tenisovaakademiecelakovice.cz\/index.php?rest_route=\/wp\/v2\/users\/1"}],"replies":[{"embeddable":true,"href":"https:\/\/www.tenisovaakademiecelakovice.cz\/index.php?rest_route=%2Fwp%2Fv2%2Fcomments&post=324"}],"version-history":[{"count":1,"href":"https:\/\/www.tenisovaakademiecelakovice.cz\/index.php?rest_route=\/wp\/v2\/posts\/324\/revisions"}],"predecessor-version":[{"id":326,"href":"https:\/\/www.tenisovaakademiecelakovice.cz\/index.php?rest_route=\/wp\/v2\/posts\/324\/revisions\/326"}],"wp:attachment":[{"href":"https:\/\/www.tenisovaakademiecelakovice.cz\/index.php?rest_route=%2Fwp%2Fv2%2Fmedia&parent=324"}],"wp:term":[{"taxonomy":"category","embeddable":true,"href":"https:\/\/www.tenisovaakademiecelakovice.cz\/index.php?rest_route=%2Fwp%2Fv2%2Fcategories&post=324"},{"taxonomy":"post_tag","embeddable":true,"href":"https:\/\/www.tenisovaakademiecelakovice.cz\/index.php?rest_route=%2Fwp%2Fv2%2Ftags&post=324"}],"curies":[{"name":"wp","href":"https:\/\/api.w.org\/{rel}","templated":true}]}}