{"id":338,"date":"2017-04-03T18:59:07","date_gmt":"2017-04-03T16:59:07","guid":{"rendered":"http:\/\/www.tenisovaakademiecelakovice.cz\/?p=338"},"modified":"2017-04-03T18:59:07","modified_gmt":"2017-04-03T16:59:07","slug":"konec-halove-sezony","status":"publish","type":"post","link":"https:\/\/www.tenisovaakademiecelakovice.cz\/?p=338","title":{"rendered":"Konec halov\u00e9 sez\u00f3ny"},"content":{"rendered":"<p>V sobotu 1.4.2017 jsme \u00a0za kr\u00e1sn\u00e9ho po\u010das\u00ed ukon\u010dili 1. zimn\u00ed halovou sez\u00f3nu. D\u011bkujeme v\u0161em p\u0159\u00edtomn\u00fdm za pomoc p\u0159i demont\u00e1\u017ei a uskladn\u011bn\u00ed haly.<\/p>\n<p>P\u0159edpokl\u00e1dan\u00fd za\u010d\u00e1tek jarn\u00ed sez\u00f3ny 2017 a spu\u0161t\u011bn\u00ed tr\u00e9nink\u016f ml\u00e1de\u017ee je ihned po Velikonoc\u00edch, tedy v \u00fater\u00fd 18.4.2017.<\/p>\n<p><a href=\"https:\/\/www.tenisovaakademiecelakovice.cz\/wp-content\/uploads\/2017\/04\/hala-bez.jpg\"><img decoding=\"async\" loading=\"lazy\" class=\"alignnone size-large wp-image-337\" src=\"https:\/\/www.tenisovaakademiecelakovice.cz\/wp-content\/uploads\/2017\/04\/hala-bez-1024x768.jpg\" alt=\"\" width=\"654\" height=\"491\" srcset=\"https:\/\/www.tenisovaakademiecelakovice.cz\/wp-content\/uploads\/2017\/04\/hala-bez-1024x768.jpg 1024w, https:\/\/www.tenisovaakademiecelakovice.cz\/wp-content\/uploads\/2017\/04\/hala-bez-300x225.jpg 300w, https:\/\/www.tenisovaakademiecelakovice.cz\/wp-content\/uploads\/2017\/04\/hala-bez-768x576.jpg 768w, https:\/\/www.tenisovaakademiecelakovice.cz\/wp-content\/uploads\/2017\/04\/hala-bez-1x1.jpg 1w\" sizes=\"(max-width: 654px) 100vw, 654px\" \/><\/a><\/p>\n","protected":false},"excerpt":{"rendered":"<p>V sobotu 1.4.2017 jsme \u00a0za kr\u00e1sn\u00e9ho po\u010das\u00ed ukon\u010dili 1. zimn\u00ed halovou sez\u00f3nu. D\u011bkujeme v\u0161em p\u0159\u00edtomn\u00fdm za pomoc p\u0159i demont\u00e1\u017ei a uskladn\u011bn\u00ed haly. P\u0159edpokl\u00e1dan\u00fd za\u010d\u00e1tek jarn\u00ed sez\u00f3ny 2017 a spu\u0161t\u011bn\u00ed tr\u00e9nink\u016f ml\u00e1de\u017ee je ihned po Velikonoc\u00edch, tedy v \u00fater\u00fd 18.4.2017.<\/p>\n","protected":false},"author":1,"featured_media":0,"comment_status":"closed","ping_status":"open","sticky":false,"template":"","format":"standard","meta":[],"categories":[1],"tags":[],"_links":{"self":[{"href":"https:\/\/www.tenisovaakademiecelakovice.cz\/index.php?rest_route=\/wp\/v2\/posts\/338"}],"collection":[{"href":"https:\/\/www.tenisovaakademiecelakovice.cz\/index.php?rest_route=\/wp\/v2\/posts"}],"about":[{"href":"https:\/\/www.tenisovaakademiecelakovice.cz\/index.php?rest_route=\/wp\/v2\/types\/post"}],"author":[{"embeddable":true,"href":"https:\/\/www.tenisovaakademiecelakovice.cz\/index.php?rest_route=\/wp\/v2\/users\/1"}],"replies":[{"embeddable":true,"href":"https:\/\/www.tenisovaakademiecelakovice.cz\/index.php?rest_route=%2Fwp%2Fv2%2Fcomments&post=338"}],"version-history":[{"count":1,"href":"https:\/\/www.tenisovaakademiecelakovice.cz\/index.php?rest_route=\/wp\/v2\/posts\/338\/revisions"}],"predecessor-version":[{"id":339,"href":"https:\/\/www.tenisovaakademiecelakovice.cz\/index.php?rest_route=\/wp\/v2\/posts\/338\/revisions\/339"}],"wp:attachment":[{"href":"https:\/\/www.tenisovaakademiecelakovice.cz\/index.php?rest_route=%2Fwp%2Fv2%2Fmedia&parent=338"}],"wp:term":[{"taxonomy":"category","embeddable":true,"href":"https:\/\/www.tenisovaakademiecelakovice.cz\/index.php?rest_route=%2Fwp%2Fv2%2Fcategories&post=338"},{"taxonomy":"post_tag","embeddable":true,"href":"https:\/\/www.tenisovaakademiecelakovice.cz\/index.php?rest_route=%2Fwp%2Fv2%2Ftags&post=338"}],"curies":[{"name":"wp","href":"https:\/\/api.w.org\/{rel}","templated":true}]}}