{"id":346,"date":"2017-04-26T20:52:28","date_gmt":"2017-04-26T18:52:28","guid":{"rendered":"http:\/\/www.tenisovaakademiecelakovice.cz\/?p=346"},"modified":"2017-04-26T20:52:28","modified_gmt":"2017-04-26T18:52:28","slug":"okresni-prebory-2017","status":"publish","type":"post","link":"https:\/\/www.tenisovaakademiecelakovice.cz\/?p=346","title":{"rendered":"Okresn\u00ed p\u0159ebory 2017"},"content":{"rendered":"<p>22.-23.4. dubna se v \u010cel\u00e1kovic\u00edch odehr\u00e1ly p\u0159ebory Prahy-v\u00fdchod v kategori\u00edch mlad\u0161\u00edho \u017eactva a dorostu. Velmi \u0161patn\u00e9 apr\u00edlov\u00e9 po\u010das\u00ed se prom\u00edtlo na celkem mal\u00e9 \u00fa\u010dasti hr\u00e1\u010d\u016f. V kategorii ml. \u017e\u00e1k\u016f zv\u00edt\u011bzil Jan R\u016f\u017ei\u010dka, v kategorii mlad\u0161\u00edch \u017e\u00e1ky\u0148 zv\u00edt\u011bzila Eli\u0161ka Zimmermannov\u00e1. V kategorii dorostu vyhr\u00e1l Krischke Adam a v kategorii dorostenek zv\u00edt\u011bzila Hozmanov\u00e1 Vanessa. Foto z p\u0159ebor\u016f naleznete\u00a0<a href=\"https:\/\/drive.google.com\/open?id=0B3cLEwpiKcHvbXB0WkRCQWRCdkE\">zde.<\/a><\/p>\n<p><a href=\"https:\/\/www.tenisovaakademiecelakovice.cz\/wp-content\/uploads\/2017\/04\/IMG_9662.jpg\"><img decoding=\"async\" loading=\"lazy\" class=\"alignnone size-medium wp-image-348\" src=\"https:\/\/www.tenisovaakademiecelakovice.cz\/wp-content\/uploads\/2017\/04\/IMG_9662-200x300.jpg\" alt=\"\" width=\"200\" height=\"300\" srcset=\"https:\/\/www.tenisovaakademiecelakovice.cz\/wp-content\/uploads\/2017\/04\/IMG_9662-200x300.jpg 200w, https:\/\/www.tenisovaakademiecelakovice.cz\/wp-content\/uploads\/2017\/04\/IMG_9662-768x1152.jpg 768w, https:\/\/www.tenisovaakademiecelakovice.cz\/wp-content\/uploads\/2017\/04\/IMG_9662-683x1024.jpg 683w, https:\/\/www.tenisovaakademiecelakovice.cz\/wp-content\/uploads\/2017\/04\/IMG_9662-1x1.jpg 1w\" sizes=\"(max-width: 200px) 100vw, 200px\" \/><\/a><\/p>\n","protected":false},"excerpt":{"rendered":"<p>22.-23.4. dubna se v \u010cel\u00e1kovic\u00edch odehr\u00e1ly p\u0159ebory Prahy-v\u00fdchod v kategori\u00edch mlad\u0161\u00edho \u017eactva a dorostu. Velmi \u0161patn\u00e9 apr\u00edlov\u00e9 po\u010das\u00ed se prom\u00edtlo na celkem mal\u00e9 \u00fa\u010dasti hr\u00e1\u010d\u016f. V kategorii ml. \u017e\u00e1k\u016f zv\u00edt\u011bzil Jan R\u016f\u017ei\u010dka, v kategorii mlad\u0161\u00edch \u017e\u00e1ky\u0148 zv\u00edt\u011bzila Eli\u0161ka Zimmermannov\u00e1. V kategorii dorostu vyhr\u00e1l Krischke Adam a v kategorii dorostenek zv\u00edt\u011bzila Hozmanov\u00e1 Vanessa. Foto z p\u0159ebor\u016f [&hellip;]<\/p>\n","protected":false},"author":1,"featured_media":0,"comment_status":"closed","ping_status":"open","sticky":false,"template":"","format":"standard","meta":[],"categories":[1],"tags":[],"_links":{"self":[{"href":"https:\/\/www.tenisovaakademiecelakovice.cz\/index.php?rest_route=\/wp\/v2\/posts\/346"}],"collection":[{"href":"https:\/\/www.tenisovaakademiecelakovice.cz\/index.php?rest_route=\/wp\/v2\/posts"}],"about":[{"href":"https:\/\/www.tenisovaakademiecelakovice.cz\/index.php?rest_route=\/wp\/v2\/types\/post"}],"author":[{"embeddable":true,"href":"https:\/\/www.tenisovaakademiecelakovice.cz\/index.php?rest_route=\/wp\/v2\/users\/1"}],"replies":[{"embeddable":true,"href":"https:\/\/www.tenisovaakademiecelakovice.cz\/index.php?rest_route=%2Fwp%2Fv2%2Fcomments&post=346"}],"version-history":[{"count":3,"href":"https:\/\/www.tenisovaakademiecelakovice.cz\/index.php?rest_route=\/wp\/v2\/posts\/346\/revisions"}],"predecessor-version":[{"id":350,"href":"https:\/\/www.tenisovaakademiecelakovice.cz\/index.php?rest_route=\/wp\/v2\/posts\/346\/revisions\/350"}],"wp:attachment":[{"href":"https:\/\/www.tenisovaakademiecelakovice.cz\/index.php?rest_route=%2Fwp%2Fv2%2Fmedia&parent=346"}],"wp:term":[{"taxonomy":"category","embeddable":true,"href":"https:\/\/www.tenisovaakademiecelakovice.cz\/index.php?rest_route=%2Fwp%2Fv2%2Fcategories&post=346"},{"taxonomy":"post_tag","embeddable":true,"href":"https:\/\/www.tenisovaakademiecelakovice.cz\/index.php?rest_route=%2Fwp%2Fv2%2Ftags&post=346"}],"curies":[{"name":"wp","href":"https:\/\/api.w.org\/{rel}","templated":true}]}}