{"id":357,"date":"2017-05-09T11:23:24","date_gmt":"2017-05-09T09:23:24","guid":{"rendered":"http:\/\/www.tenisovaakademiecelakovice.cz\/?p=357"},"modified":"2017-05-09T11:23:24","modified_gmt":"2017-05-09T09:23:24","slug":"souteze-smisenych-druzstev-2-kolo-2","status":"publish","type":"post","link":"https:\/\/www.tenisovaakademiecelakovice.cz\/?p=357","title":{"rendered":"Sout\u011b\u017ee sm\u00ed\u0161en\u00fdch dru\u017estev &#8211; 2.kolo"},"content":{"rendered":"<p>V\u00fdsledky 2. kola utk\u00e1n\u00ed sm\u00ed\u0161en\u00fdch dru\u017estev:<\/p>\n<p>Babytenis: TK \u010cel\u00e1kovice B &#8211; TK \u010cel\u00e1kovice A 8:2<\/p>\n<p>Mlad\u0161\u00ed \u017eactvo: Zru\u010d nad S\u00e1zavou &#8211; TK \u010cel\u00e1kovice 7:2<\/p>\n<p>Star\u0161\u00ed \u017eactvo: TK \u010cel\u00e1kovice &#8211; Slavoj \u017di\u017eelice 6:3<\/p>\n<p>Dorost: TK \u010cel\u00e1kovice &#8211; TK Mnichovo Hradi\u0161t\u011b 8:1<\/p>\n<p>&nbsp;<\/p>\n<p><a href=\"https:\/\/www.tenisovaakademiecelakovice.cz\/wp-content\/uploads\/2017\/05\/ml-zaci-2-kolo-2017.jpg\"><img decoding=\"async\" loading=\"lazy\" class=\"alignnone size-large wp-image-358\" src=\"https:\/\/www.tenisovaakademiecelakovice.cz\/wp-content\/uploads\/2017\/05\/ml-zaci-2-kolo-2017-1024x768.jpg\" alt=\"\" width=\"654\" height=\"491\" srcset=\"https:\/\/www.tenisovaakademiecelakovice.cz\/wp-content\/uploads\/2017\/05\/ml-zaci-2-kolo-2017-1024x768.jpg 1024w, https:\/\/www.tenisovaakademiecelakovice.cz\/wp-content\/uploads\/2017\/05\/ml-zaci-2-kolo-2017-300x225.jpg 300w, https:\/\/www.tenisovaakademiecelakovice.cz\/wp-content\/uploads\/2017\/05\/ml-zaci-2-kolo-2017-768x576.jpg 768w, https:\/\/www.tenisovaakademiecelakovice.cz\/wp-content\/uploads\/2017\/05\/ml-zaci-2-kolo-2017-1x1.jpg 1w\" sizes=\"(max-width: 654px) 100vw, 654px\" \/><\/a><\/p>\n<p>&nbsp;<\/p>\n<p>&nbsp;<\/p>\n<p>&nbsp;<\/p>\n","protected":false},"excerpt":{"rendered":"<p>V\u00fdsledky 2. kola utk\u00e1n\u00ed sm\u00ed\u0161en\u00fdch dru\u017estev: Babytenis: TK \u010cel\u00e1kovice B &#8211; TK \u010cel\u00e1kovice A 8:2 Mlad\u0161\u00ed \u017eactvo: Zru\u010d nad S\u00e1zavou &#8211; TK \u010cel\u00e1kovice 7:2 Star\u0161\u00ed \u017eactvo: TK \u010cel\u00e1kovice &#8211; Slavoj \u017di\u017eelice 6:3 Dorost: TK \u010cel\u00e1kovice &#8211; TK Mnichovo Hradi\u0161t\u011b 8:1 &nbsp; &nbsp; &nbsp; &nbsp;<\/p>\n","protected":false},"author":1,"featured_media":0,"comment_status":"closed","ping_status":"open","sticky":false,"template":"","format":"standard","meta":[],"categories":[1],"tags":[],"_links":{"self":[{"href":"https:\/\/www.tenisovaakademiecelakovice.cz\/index.php?rest_route=\/wp\/v2\/posts\/357"}],"collection":[{"href":"https:\/\/www.tenisovaakademiecelakovice.cz\/index.php?rest_route=\/wp\/v2\/posts"}],"about":[{"href":"https:\/\/www.tenisovaakademiecelakovice.cz\/index.php?rest_route=\/wp\/v2\/types\/post"}],"author":[{"embeddable":true,"href":"https:\/\/www.tenisovaakademiecelakovice.cz\/index.php?rest_route=\/wp\/v2\/users\/1"}],"replies":[{"embeddable":true,"href":"https:\/\/www.tenisovaakademiecelakovice.cz\/index.php?rest_route=%2Fwp%2Fv2%2Fcomments&post=357"}],"version-history":[{"count":2,"href":"https:\/\/www.tenisovaakademiecelakovice.cz\/index.php?rest_route=\/wp\/v2\/posts\/357\/revisions"}],"predecessor-version":[{"id":360,"href":"https:\/\/www.tenisovaakademiecelakovice.cz\/index.php?rest_route=\/wp\/v2\/posts\/357\/revisions\/360"}],"wp:attachment":[{"href":"https:\/\/www.tenisovaakademiecelakovice.cz\/index.php?rest_route=%2Fwp%2Fv2%2Fmedia&parent=357"}],"wp:term":[{"taxonomy":"category","embeddable":true,"href":"https:\/\/www.tenisovaakademiecelakovice.cz\/index.php?rest_route=%2Fwp%2Fv2%2Fcategories&post=357"},{"taxonomy":"post_tag","embeddable":true,"href":"https:\/\/www.tenisovaakademiecelakovice.cz\/index.php?rest_route=%2Fwp%2Fv2%2Ftags&post=357"}],"curies":[{"name":"wp","href":"https:\/\/api.w.org\/{rel}","templated":true}]}}