{"id":366,"date":"2017-06-06T08:47:54","date_gmt":"2017-06-06T06:47:54","guid":{"rendered":"http:\/\/www.tenisovaakademiecelakovice.cz\/?p=366"},"modified":"2017-06-06T08:47:54","modified_gmt":"2017-06-06T06:47:54","slug":"souteze-smisenych-druzstev-2017-4-kolo-fotogalerie","status":"publish","type":"post","link":"https:\/\/www.tenisovaakademiecelakovice.cz\/?p=366","title":{"rendered":"Sout\u011b\u017ee sm\u00ed\u0161en\u00fdch dru\u017estev 2017 &#8211; 4.kolo + fotogalerie"},"content":{"rendered":"<p>V\u00fdsledky 4.kola utk\u00e1n\u00ed sm\u00ed\u0161en\u00fdch dru\u017estev<\/p>\n<p>Babytenis: TK \u010cel\u00e1kovice A &#8211; LTC Hou\u0161tka 7:3<\/p>\n<p>Babytenis: Tenis Brand\u00fds n.L. &#8211;\u00a0TK \u010cel\u00e1kovice B \u00a00:10<\/p>\n<p>Mlad\u0161\u00ed \u017eactvo: LTC Hou\u0161tka &#8211;\u00a0TK \u010cel\u00e1kovice \u00a06:3<\/p>\n<p>Star\u0161\u00ed \u017eactvo:\u00a0TK \u010cel\u00e1kovice &#8211; LTC Kol\u00edn \u00a02:7<\/p>\n<p>Dorost:\u00a0TK \u010cel\u00e1kovice &#8211; TO SK M\u011bln\u00edk B \u00a09:0<\/p>\n<p>Foto z utk\u00e1n\u00ed dorostu a dosp\u011bl\u00fdch ke shl\u00e9dnut\u00ed\u00a0<a href=\"https:\/\/drive.google.com\/open?id=0B5YAUXRINc3rLUxxWUxteU9VVHc\">ZDE.<\/a><\/p>\n<p><a href=\"https:\/\/www.tenisovaakademiecelakovice.cz\/wp-content\/uploads\/2017\/06\/dominik.jpg\"><img decoding=\"async\" loading=\"lazy\" class=\"alignnone size-large wp-image-367\" src=\"https:\/\/www.tenisovaakademiecelakovice.cz\/wp-content\/uploads\/2017\/06\/dominik-1024x683.jpg\" alt=\"\" width=\"654\" height=\"436\" srcset=\"https:\/\/www.tenisovaakademiecelakovice.cz\/wp-content\/uploads\/2017\/06\/dominik-1024x683.jpg 1024w, https:\/\/www.tenisovaakademiecelakovice.cz\/wp-content\/uploads\/2017\/06\/dominik-300x200.jpg 300w, https:\/\/www.tenisovaakademiecelakovice.cz\/wp-content\/uploads\/2017\/06\/dominik-768x512.jpg 768w, https:\/\/www.tenisovaakademiecelakovice.cz\/wp-content\/uploads\/2017\/06\/dominik-2x1.jpg 2w\" sizes=\"(max-width: 654px) 100vw, 654px\" \/><\/a><\/p>\n","protected":false},"excerpt":{"rendered":"<p>V\u00fdsledky 4.kola utk\u00e1n\u00ed sm\u00ed\u0161en\u00fdch dru\u017estev Babytenis: TK \u010cel\u00e1kovice A &#8211; LTC Hou\u0161tka 7:3 Babytenis: Tenis Brand\u00fds n.L. &#8211;\u00a0TK \u010cel\u00e1kovice B \u00a00:10 Mlad\u0161\u00ed \u017eactvo: LTC Hou\u0161tka &#8211;\u00a0TK \u010cel\u00e1kovice \u00a06:3 Star\u0161\u00ed \u017eactvo:\u00a0TK \u010cel\u00e1kovice &#8211; LTC Kol\u00edn \u00a02:7 Dorost:\u00a0TK \u010cel\u00e1kovice &#8211; TO SK M\u011bln\u00edk B \u00a09:0 Foto z utk\u00e1n\u00ed dorostu a dosp\u011bl\u00fdch ke shl\u00e9dnut\u00ed\u00a0ZDE.<\/p>\n","protected":false},"author":1,"featured_media":0,"comment_status":"closed","ping_status":"open","sticky":false,"template":"","format":"standard","meta":[],"categories":[1],"tags":[],"_links":{"self":[{"href":"https:\/\/www.tenisovaakademiecelakovice.cz\/index.php?rest_route=\/wp\/v2\/posts\/366"}],"collection":[{"href":"https:\/\/www.tenisovaakademiecelakovice.cz\/index.php?rest_route=\/wp\/v2\/posts"}],"about":[{"href":"https:\/\/www.tenisovaakademiecelakovice.cz\/index.php?rest_route=\/wp\/v2\/types\/post"}],"author":[{"embeddable":true,"href":"https:\/\/www.tenisovaakademiecelakovice.cz\/index.php?rest_route=\/wp\/v2\/users\/1"}],"replies":[{"embeddable":true,"href":"https:\/\/www.tenisovaakademiecelakovice.cz\/index.php?rest_route=%2Fwp%2Fv2%2Fcomments&post=366"}],"version-history":[{"count":1,"href":"https:\/\/www.tenisovaakademiecelakovice.cz\/index.php?rest_route=\/wp\/v2\/posts\/366\/revisions"}],"predecessor-version":[{"id":368,"href":"https:\/\/www.tenisovaakademiecelakovice.cz\/index.php?rest_route=\/wp\/v2\/posts\/366\/revisions\/368"}],"wp:attachment":[{"href":"https:\/\/www.tenisovaakademiecelakovice.cz\/index.php?rest_route=%2Fwp%2Fv2%2Fmedia&parent=366"}],"wp:term":[{"taxonomy":"category","embeddable":true,"href":"https:\/\/www.tenisovaakademiecelakovice.cz\/index.php?rest_route=%2Fwp%2Fv2%2Fcategories&post=366"},{"taxonomy":"post_tag","embeddable":true,"href":"https:\/\/www.tenisovaakademiecelakovice.cz\/index.php?rest_route=%2Fwp%2Fv2%2Ftags&post=366"}],"curies":[{"name":"wp","href":"https:\/\/api.w.org\/{rel}","templated":true}]}}