{"id":388,"date":"2017-07-13T11:21:27","date_gmt":"2017-07-13T09:21:27","guid":{"rendered":"http:\/\/www.tenisovaakademiecelakovice.cz\/?p=388"},"modified":"2017-07-13T11:22:14","modified_gmt":"2017-07-13T09:22:14","slug":"souteze-smisenych-druzstev-2017","status":"publish","type":"post","link":"https:\/\/www.tenisovaakademiecelakovice.cz\/?p=388","title":{"rendered":"Sout\u011b\u017ee sm\u00ed\u0161en\u00fdch dru\u017estev 2017"},"content":{"rendered":"<p>Sout\u011b\u017en\u00ed rok 2017 zastihl hr\u00e1\u010de na\u0161eho tenisov\u00e9ho klubu v\u00a0dobr\u00e9m sportovn\u00ed form\u011b. <strong>Dru\u017estvo dosp\u011bl\u00fdch<\/strong> slav\u00ed po n\u011bkolika letech velk\u00fd \u00fasp\u011bch v\u00a0podob\u011b v\u00edt\u011bzstv\u00ed ve sv\u00e9 skupin\u011b a n\u00e1sledn\u00e9ho postupu do 1. t\u0159\u00eddy B. \u00a0<strong>Dorost<\/strong> m\u011bl pro leto\u0161n\u00ed rok stanoven\u00fd c\u00edl v\u00a0podob\u011b postupu do vy\u0161\u0161\u00ed t\u0159\u00eddy. Za t\u00edmto c\u00edlem vykro\u010dil jist\u011b hned od prvn\u00edho utk\u00e1n\u00ed a skupinu bez jedin\u00e9ho zav\u00e1h\u00e1n\u00ed jasn\u011b ovl\u00e1dl. <strong>Dru\u017estvo star\u0161\u00edho \u017eactva<\/strong> nav\u00e1zalo na v\u00fdsledky z\u00a0lo\u0148sk\u00e9 sez\u00f3ny, kde slavilo postup do 1.t\u0159\u00eddy B. V\u00a0t\u00e9to sout\u011b\u017ei se letos um\u00edstilo v\u00a0klidn\u00e9m st\u0159edu tabulky a zajistilo tak klidn\u00e9 setrv\u00e1n\u00ed sout\u011b\u017ee i pro p\u0159\u00ed\u0161t\u00ed sez\u00f3nu. <strong>Dru\u017estvo mlad\u0161\u00edho \u017eactva<\/strong> hr\u00e1lo 1. t\u0159\u00eddu B ve St\u0159edo\u010desk\u00e9m kraji. Ze v\u0161ech na\u0161ich dru\u017estev hr\u00e1lo nejd\u00e9le nejvy\u0161\u0161\u00ed sout\u011b\u017en\u00ed t\u0159\u00eddu. I v tomto roce jsme se pot\u00fdkali s\u00a0mal\u00fdm po\u010dtem hr\u00e1\u010d\u016f v\u00a0t\u00e9to kategorii a po n\u011bkolika t\u011bsn\u00fdch v\u00fdsledc\u00edch jsme sestoupili do 2. t\u0159\u00eddy. <strong>Babytenis <\/strong>v\u00a0t\u00e9to skupin\u011b nejmlad\u0161\u00edch tenist\u016f n\u00e1s reprezentovali dv\u011b dru\u017estva hr\u00e1\u010d\u016f. Pro n\u011bkter\u00e9 z hr\u00e1\u010d\u016f to znamenalo prvn\u00ed seznamov\u00e1n\u00ed se sout\u011b\u017en\u00edmi z\u00e1pasy, kter\u00e9 nakonec v\u00fdborn\u011b a s\u00a0velk\u00fdm nasazen\u00edm \u00fasp\u011b\u0161n\u011b zvl\u00e1dli. Nakonec jednomu z\u00a0na\u0161ich dru\u017estev uniklo o jeden v\u00edt\u011bzn\u00fd z\u00e1pas celkov\u00e9 v\u00edt\u011bzstv\u00ed ve skupin\u011b a postup na mistrovstv\u00ed \u010cR. Um\u00edst\u011bn\u00ed v tabulk\u00e1ch jednotliv\u00fdch v\u011bkov\u00fdch kategori\u00ed naleznete na\u00a0<a href=\"http:\/\/www.cztenis.cz\">www.cztenis.cz<\/a> .Gratulujeme k v\u00fdborn\u00fdm v\u00fdkon\u016fm a d\u011bkujeme v\u0161em hr\u00e1\u010d\u016fm, tren\u00e9r\u016fm a rodi\u010d\u016fm za \u00fasp\u011b\u0161nou reprezentaci na\u0161eho klubu TK \u010cel\u00e1kovice.<\/p>\n<p><a href=\"https:\/\/www.tenisovaakademiecelakovice.cz\/wp-content\/uploads\/2017\/06\/dru\u017estva-2017.jpg\"><img decoding=\"async\" loading=\"lazy\" class=\"alignnone size-large wp-image-378\" src=\"https:\/\/www.tenisovaakademiecelakovice.cz\/wp-content\/uploads\/2017\/06\/dru\u017estva-2017-1024x683.jpg\" alt=\"\" width=\"654\" height=\"436\" srcset=\"https:\/\/www.tenisovaakademiecelakovice.cz\/wp-content\/uploads\/2017\/06\/dru\u017estva-2017-1024x683.jpg 1024w, https:\/\/www.tenisovaakademiecelakovice.cz\/wp-content\/uploads\/2017\/06\/dru\u017estva-2017-300x200.jpg 300w, https:\/\/www.tenisovaakademiecelakovice.cz\/wp-content\/uploads\/2017\/06\/dru\u017estva-2017-768x512.jpg 768w, https:\/\/www.tenisovaakademiecelakovice.cz\/wp-content\/uploads\/2017\/06\/dru\u017estva-2017-2x1.jpg 2w\" sizes=\"(max-width: 654px) 100vw, 654px\" \/><\/a><\/p>\n","protected":false},"excerpt":{"rendered":"<p>Sout\u011b\u017en\u00ed rok 2017 zastihl hr\u00e1\u010de na\u0161eho tenisov\u00e9ho klubu v\u00a0dobr\u00e9m sportovn\u00ed form\u011b. Dru\u017estvo dosp\u011bl\u00fdch slav\u00ed po n\u011bkolika letech velk\u00fd \u00fasp\u011bch v\u00a0podob\u011b v\u00edt\u011bzstv\u00ed ve sv\u00e9 skupin\u011b a n\u00e1sledn\u00e9ho postupu do 1. t\u0159\u00eddy B. \u00a0Dorost m\u011bl pro leto\u0161n\u00ed rok stanoven\u00fd c\u00edl v\u00a0podob\u011b postupu do vy\u0161\u0161\u00ed t\u0159\u00eddy. Za t\u00edmto c\u00edlem vykro\u010dil jist\u011b hned od prvn\u00edho utk\u00e1n\u00ed a skupinu bez [&hellip;]<\/p>\n","protected":false},"author":1,"featured_media":0,"comment_status":"closed","ping_status":"open","sticky":false,"template":"","format":"standard","meta":[],"categories":[1],"tags":[],"_links":{"self":[{"href":"https:\/\/www.tenisovaakademiecelakovice.cz\/index.php?rest_route=\/wp\/v2\/posts\/388"}],"collection":[{"href":"https:\/\/www.tenisovaakademiecelakovice.cz\/index.php?rest_route=\/wp\/v2\/posts"}],"about":[{"href":"https:\/\/www.tenisovaakademiecelakovice.cz\/index.php?rest_route=\/wp\/v2\/types\/post"}],"author":[{"embeddable":true,"href":"https:\/\/www.tenisovaakademiecelakovice.cz\/index.php?rest_route=\/wp\/v2\/users\/1"}],"replies":[{"embeddable":true,"href":"https:\/\/www.tenisovaakademiecelakovice.cz\/index.php?rest_route=%2Fwp%2Fv2%2Fcomments&post=388"}],"version-history":[{"count":3,"href":"https:\/\/www.tenisovaakademiecelakovice.cz\/index.php?rest_route=\/wp\/v2\/posts\/388\/revisions"}],"predecessor-version":[{"id":391,"href":"https:\/\/www.tenisovaakademiecelakovice.cz\/index.php?rest_route=\/wp\/v2\/posts\/388\/revisions\/391"}],"wp:attachment":[{"href":"https:\/\/www.tenisovaakademiecelakovice.cz\/index.php?rest_route=%2Fwp%2Fv2%2Fmedia&parent=388"}],"wp:term":[{"taxonomy":"category","embeddable":true,"href":"https:\/\/www.tenisovaakademiecelakovice.cz\/index.php?rest_route=%2Fwp%2Fv2%2Fcategories&post=388"},{"taxonomy":"post_tag","embeddable":true,"href":"https:\/\/www.tenisovaakademiecelakovice.cz\/index.php?rest_route=%2Fwp%2Fv2%2Ftags&post=388"}],"curies":[{"name":"wp","href":"https:\/\/api.w.org\/{rel}","templated":true}]}}