{"id":419,"date":"2017-10-16T12:49:23","date_gmt":"2017-10-16T10:49:23","guid":{"rendered":"http:\/\/www.tenisovaakademiecelakovice.cz\/?p=419"},"modified":"2017-10-16T12:49:23","modified_gmt":"2017-10-16T10:49:23","slug":"zacatek-zimni-sezony","status":"publish","type":"post","link":"https:\/\/www.tenisovaakademiecelakovice.cz\/?p=419","title":{"rendered":"Za\u010d\u00e1tek zimn\u00ed sez\u00f3ny"},"content":{"rendered":"<p>V sobotu 14. \u0159\u00edjna se n\u00e1m poda\u0159ilo postavit nafukovac\u00ed halu pro dva kurty a p\u0159ipravit se tak na zimn\u00ed sez\u00f3nu. D\u011bkujeme v\u0161em, kte\u0159\u00ed se na stavb\u011b tenisov\u00e9 haly pod\u00edleli a p\u0159ejeme hodn\u011b \u0161t\u011bst\u00ed do zimn\u00ed sez\u00f3ny. Tenisov\u00e9 kurty si m\u016f\u017eete rezervovat telefonicky u spr\u00e1vce klubu p.Klouzala \u2013 775322781 nebo pro dlouhodob\u00e9 rezervace emailem na <a href=\"mailto:info@teniscelakovice.cz\">info@teniscelakovice.cz<\/a>.. Obsazenost kurt\u016f a voln\u00e9 hodiny v\u00a0hale m\u016f\u017eete naj\u00edt na <a href=\"http:\/\/www.tkcelakovice.cz\">www.tkcelakovice.cz<\/a> v\u00a0z\u00e1lo\u017ece rezervace.<\/p>\n","protected":false},"excerpt":{"rendered":"<p>V sobotu 14. \u0159\u00edjna se n\u00e1m poda\u0159ilo postavit nafukovac\u00ed halu pro dva kurty a p\u0159ipravit se tak na zimn\u00ed sez\u00f3nu. D\u011bkujeme v\u0161em, kte\u0159\u00ed se na stavb\u011b tenisov\u00e9 haly pod\u00edleli a p\u0159ejeme hodn\u011b \u0161t\u011bst\u00ed do zimn\u00ed sez\u00f3ny. Tenisov\u00e9 kurty si m\u016f\u017eete rezervovat telefonicky u spr\u00e1vce klubu p.Klouzala \u2013 775322781 nebo pro dlouhodob\u00e9 rezervace emailem na info@teniscelakovice.cz.. [&hellip;]<\/p>\n","protected":false},"author":1,"featured_media":0,"comment_status":"closed","ping_status":"open","sticky":false,"template":"","format":"standard","meta":[],"categories":[1],"tags":[],"_links":{"self":[{"href":"https:\/\/www.tenisovaakademiecelakovice.cz\/index.php?rest_route=\/wp\/v2\/posts\/419"}],"collection":[{"href":"https:\/\/www.tenisovaakademiecelakovice.cz\/index.php?rest_route=\/wp\/v2\/posts"}],"about":[{"href":"https:\/\/www.tenisovaakademiecelakovice.cz\/index.php?rest_route=\/wp\/v2\/types\/post"}],"author":[{"embeddable":true,"href":"https:\/\/www.tenisovaakademiecelakovice.cz\/index.php?rest_route=\/wp\/v2\/users\/1"}],"replies":[{"embeddable":true,"href":"https:\/\/www.tenisovaakademiecelakovice.cz\/index.php?rest_route=%2Fwp%2Fv2%2Fcomments&post=419"}],"version-history":[{"count":1,"href":"https:\/\/www.tenisovaakademiecelakovice.cz\/index.php?rest_route=\/wp\/v2\/posts\/419\/revisions"}],"predecessor-version":[{"id":420,"href":"https:\/\/www.tenisovaakademiecelakovice.cz\/index.php?rest_route=\/wp\/v2\/posts\/419\/revisions\/420"}],"wp:attachment":[{"href":"https:\/\/www.tenisovaakademiecelakovice.cz\/index.php?rest_route=%2Fwp%2Fv2%2Fmedia&parent=419"}],"wp:term":[{"taxonomy":"category","embeddable":true,"href":"https:\/\/www.tenisovaakademiecelakovice.cz\/index.php?rest_route=%2Fwp%2Fv2%2Fcategories&post=419"},{"taxonomy":"post_tag","embeddable":true,"href":"https:\/\/www.tenisovaakademiecelakovice.cz\/index.php?rest_route=%2Fwp%2Fv2%2Ftags&post=419"}],"curies":[{"name":"wp","href":"https:\/\/api.w.org\/{rel}","templated":true}]}}