{"id":452,"date":"2018-04-02T09:53:51","date_gmt":"2018-04-02T07:53:51","guid":{"rendered":"http:\/\/www.tenisovaakademiecelakovice.cz\/?p=452"},"modified":"2018-04-02T09:53:51","modified_gmt":"2018-04-02T07:53:51","slug":"konec-zimni-sezony","status":"publish","type":"post","link":"https:\/\/www.tenisovaakademiecelakovice.cz\/?p=452","title":{"rendered":"Konec zimn\u00ed sez\u00f3ny"},"content":{"rendered":"<p>V p\u00e1tek 6. dubna je posledn\u00ed hrac\u00ed den v hale. Pokra\u010dovat budeme venku pravd\u011bpodobn\u011b od 23.4. &#8211; v\u0161e z\u00e1le\u017e\u00ed na po\u010das\u00ed.\u00a0 O za\u010d\u00e1tku hran\u00ed budete informov\u00e1ni bu\u010f SMS nebo mailem. V sobotu 7. dubna se od 8.00 hala skl\u00e1d\u00e1, ka\u017ed\u00e1 pomocn\u00e1 ruka v\u00edt\u00e1na :).<\/p>\n","protected":false},"excerpt":{"rendered":"<p>V p\u00e1tek 6. dubna je posledn\u00ed hrac\u00ed den v hale. Pokra\u010dovat budeme venku pravd\u011bpodobn\u011b od 23.4. &#8211; v\u0161e z\u00e1le\u017e\u00ed na po\u010das\u00ed.\u00a0 O za\u010d\u00e1tku hran\u00ed budete informov\u00e1ni bu\u010f SMS nebo mailem. V sobotu 7. dubna se od 8.00 hala skl\u00e1d\u00e1, ka\u017ed\u00e1 pomocn\u00e1 ruka v\u00edt\u00e1na :).<\/p>\n","protected":false},"author":1,"featured_media":0,"comment_status":"closed","ping_status":"open","sticky":false,"template":"","format":"standard","meta":[],"categories":[1],"tags":[],"_links":{"self":[{"href":"https:\/\/www.tenisovaakademiecelakovice.cz\/index.php?rest_route=\/wp\/v2\/posts\/452"}],"collection":[{"href":"https:\/\/www.tenisovaakademiecelakovice.cz\/index.php?rest_route=\/wp\/v2\/posts"}],"about":[{"href":"https:\/\/www.tenisovaakademiecelakovice.cz\/index.php?rest_route=\/wp\/v2\/types\/post"}],"author":[{"embeddable":true,"href":"https:\/\/www.tenisovaakademiecelakovice.cz\/index.php?rest_route=\/wp\/v2\/users\/1"}],"replies":[{"embeddable":true,"href":"https:\/\/www.tenisovaakademiecelakovice.cz\/index.php?rest_route=%2Fwp%2Fv2%2Fcomments&post=452"}],"version-history":[{"count":1,"href":"https:\/\/www.tenisovaakademiecelakovice.cz\/index.php?rest_route=\/wp\/v2\/posts\/452\/revisions"}],"predecessor-version":[{"id":453,"href":"https:\/\/www.tenisovaakademiecelakovice.cz\/index.php?rest_route=\/wp\/v2\/posts\/452\/revisions\/453"}],"wp:attachment":[{"href":"https:\/\/www.tenisovaakademiecelakovice.cz\/index.php?rest_route=%2Fwp%2Fv2%2Fmedia&parent=452"}],"wp:term":[{"taxonomy":"category","embeddable":true,"href":"https:\/\/www.tenisovaakademiecelakovice.cz\/index.php?rest_route=%2Fwp%2Fv2%2Fcategories&post=452"},{"taxonomy":"post_tag","embeddable":true,"href":"https:\/\/www.tenisovaakademiecelakovice.cz\/index.php?rest_route=%2Fwp%2Fv2%2Ftags&post=452"}],"curies":[{"name":"wp","href":"https:\/\/api.w.org\/{rel}","templated":true}]}}