{"id":66,"date":"2016-04-18T23:01:30","date_gmt":"2016-04-18T21:01:30","guid":{"rendered":"http:\/\/www.tenisovaakademiecelakovice.cz\/?p=66"},"modified":"2016-06-14T15:10:58","modified_gmt":"2016-06-14T13:10:58","slug":"okresni-prebor-praha-vychod-starsi-zactvo-2016","status":"publish","type":"post","link":"https:\/\/www.tenisovaakademiecelakovice.cz\/?p=66","title":{"rendered":"Okresn\u00ed p\u0159ebor Praha-v\u00fdchod 2016, star\u0161\u00ed \u017eactvo"},"content":{"rendered":"<p>Hr\u00e1\u010di TK \u010cel\u00e1kovice ovl\u00e1dli okresn\u00ed p\u0159ebor Praha-v\u00fdchod v Rado\u0161ovic\u00edch. Fi\u0161er \u0160t\u011bp\u00e1n a Hozmanov\u00e1 Vanessa vyhr\u00e1li okresn\u00ed p\u0159ebory chlapc\u016f a d\u00edvek ve dvouh\u0159e. Ve \u010dty\u0159h\u0159e d\u00edvek zv\u00edt\u011bzila Hozmanov\u00e1 Vanessa a Volfov\u00e1 Aneta (LTC Hou\u0161tka). Fi\u0161er \u0160t\u011bp\u00e1n a Hozman Dominik ve fin\u00e1le podlehli 2:6,5:7 dom\u00e1c\u00edmu p\u00e1ru Krischke\/Kulh\u00e1nek\u00a0z TK Rado\u0161ovice. V\u00fdsledky <a href=\"http:\/\/www.cztenis.cz\/turnaj\/516840\/sezona\/L16\/vysledky\">chlapc\u016f<\/a>\u00a0a <a href=\"http:\/\/www.cztenis.cz\/turnaj\/616840\/sezona\/L16\/vysledky\">d\u00edvek.<\/a><\/p>\n<p><img decoding=\"async\" loading=\"lazy\" class=\"alignnone size-medium wp-image-109\" src=\"https:\/\/www.tenisovaakademiecelakovice.cz\/wp-content\/uploads\/2016\/04\/IMG_2171-e1461011658466-225x300.jpg\" alt=\"IMG_2171\" width=\"225\" height=\"300\" srcset=\"https:\/\/www.tenisovaakademiecelakovice.cz\/wp-content\/uploads\/2016\/04\/IMG_2171-e1461011658466-225x300.jpg 225w, https:\/\/www.tenisovaakademiecelakovice.cz\/wp-content\/uploads\/2016\/04\/IMG_2171-e1461011658466-768x1024.jpg 768w, https:\/\/www.tenisovaakademiecelakovice.cz\/wp-content\/uploads\/2016\/04\/IMG_2171-e1461011658466-1x1.jpg 1w, https:\/\/www.tenisovaakademiecelakovice.cz\/wp-content\/uploads\/2016\/04\/IMG_2171-e1461011658466.jpg 810w\" sizes=\"(max-width: 225px) 100vw, 225px\" \/><\/p>\n<p>&nbsp;<\/p>\n<p>&nbsp;<\/p>\n","protected":false},"excerpt":{"rendered":"<p>Hr\u00e1\u010di TK \u010cel\u00e1kovice ovl\u00e1dli okresn\u00ed p\u0159ebor Praha-v\u00fdchod v Rado\u0161ovic\u00edch. Fi\u0161er \u0160t\u011bp\u00e1n a Hozmanov\u00e1 Vanessa vyhr\u00e1li okresn\u00ed p\u0159ebory chlapc\u016f a d\u00edvek ve dvouh\u0159e. Ve \u010dty\u0159h\u0159e d\u00edvek zv\u00edt\u011bzila Hozmanov\u00e1 Vanessa a Volfov\u00e1 Aneta (LTC Hou\u0161tka). Fi\u0161er \u0160t\u011bp\u00e1n a Hozman Dominik ve fin\u00e1le podlehli 2:6,5:7 dom\u00e1c\u00edmu p\u00e1ru Krischke\/Kulh\u00e1nek\u00a0z TK Rado\u0161ovice. V\u00fdsledky chlapc\u016f\u00a0a d\u00edvek. &nbsp; &nbsp;<\/p>\n","protected":false},"author":1,"featured_media":0,"comment_status":"closed","ping_status":"open","sticky":false,"template":"","format":"standard","meta":[],"categories":[1],"tags":[],"_links":{"self":[{"href":"https:\/\/www.tenisovaakademiecelakovice.cz\/index.php?rest_route=\/wp\/v2\/posts\/66"}],"collection":[{"href":"https:\/\/www.tenisovaakademiecelakovice.cz\/index.php?rest_route=\/wp\/v2\/posts"}],"about":[{"href":"https:\/\/www.tenisovaakademiecelakovice.cz\/index.php?rest_route=\/wp\/v2\/types\/post"}],"author":[{"embeddable":true,"href":"https:\/\/www.tenisovaakademiecelakovice.cz\/index.php?rest_route=\/wp\/v2\/users\/1"}],"replies":[{"embeddable":true,"href":"https:\/\/www.tenisovaakademiecelakovice.cz\/index.php?rest_route=%2Fwp%2Fv2%2Fcomments&post=66"}],"version-history":[{"count":7,"href":"https:\/\/www.tenisovaakademiecelakovice.cz\/index.php?rest_route=\/wp\/v2\/posts\/66\/revisions"}],"predecessor-version":[{"id":182,"href":"https:\/\/www.tenisovaakademiecelakovice.cz\/index.php?rest_route=\/wp\/v2\/posts\/66\/revisions\/182"}],"wp:attachment":[{"href":"https:\/\/www.tenisovaakademiecelakovice.cz\/index.php?rest_route=%2Fwp%2Fv2%2Fmedia&parent=66"}],"wp:term":[{"taxonomy":"category","embeddable":true,"href":"https:\/\/www.tenisovaakademiecelakovice.cz\/index.php?rest_route=%2Fwp%2Fv2%2Fcategories&post=66"},{"taxonomy":"post_tag","embeddable":true,"href":"https:\/\/www.tenisovaakademiecelakovice.cz\/index.php?rest_route=%2Fwp%2Fv2%2Ftags&post=66"}],"curies":[{"name":"wp","href":"https:\/\/api.w.org\/{rel}","templated":true}]}}