{"id":723,"date":"2023-08-22T18:35:24","date_gmt":"2023-08-22T16:35:24","guid":{"rendered":"https:\/\/www.tenisovaakademiecelakovice.cz\/?p=723"},"modified":"2023-08-22T18:35:24","modified_gmt":"2023-08-22T16:35:24","slug":"zari-rijen-2023","status":"publish","type":"post","link":"https:\/\/www.tenisovaakademiecelakovice.cz\/?p=723","title":{"rendered":"Z\u00c1\u0158\u00cd &#8211; \u0158\u00cdJEN 2023"},"content":{"rendered":"\n<p><br>Tenisov\u00e9 tr\u00e9ninky budou <strong>PRAVIDELN\u011a OD POND\u011aL\u00cd 4.Z\u00c1\u0158\u00cd<\/strong> a\u017e do p\u00e1tku<br>6. \u0159\u00edjna. Tr\u00e9ninky budou t\u011bchto 5 t\u00fddn\u016f prob\u00edhat op\u011bt dle  stejn\u00e9ho<br>rozvrhu jako na ja\u0159e, v\u010d. p\u00e1te\u010dn\u00edch klubov\u00fdch tr\u00e9nink\u016f!!!<\/p>\n\n\n\n<p>Pro kr\u00e1tkodob\u00e9 omluvy z tr\u00e9ninku pou\u017eijte op\u011bt informa\u010dn\u00ed syst\u00e9m<br>tenisov\u00e9 \u0161koly:\u00a0<a rel=\"noreferrer noopener\" href=\"https:\/\/skola.xtenis.cz\/\" target=\"_blank\">https:\/\/skola.xtenis.cz\/<\/a><br>V syst\u00e9mu jsou aktu\u00e1ln\u011b zadan\u00e9 hodiny od 4. do 15. z\u00e1\u0159\u00ed, hodiny budeme do<br>syst\u00e9mu pr\u016fb\u011b\u017en\u011b dopl\u0148ovat.<br>.<br>Pokud budete m\u00edt probl\u00e9m tr\u00e9nink pravideln\u011b odehr\u00e1t a pot\u0159ebujete<br>v z\u00e1\u0159\u00ed p\u0159esunout hran\u00ed na jin\u00fd den nebo \u010das, pros\u00edm kontaktujte n\u00e1s bu\u010f na<br>email: info@tenisovaakademiecelakovice.cz<br>Jeliko\u017e se jedn\u00e1 o pouze 5 t\u00fddn\u016f hran\u00ed (a je\u0161t\u011b se z\u0159ejm\u011b budou hodiny ru\u0161it i<br>pro \u0161patn\u00e9 po\u010das\u00ed), zkuste hodiny dle p\u016fvodn\u00edho rozvrhu dodr\u017eet.<br>Na zimu (od 9.\u0159\u00edjna) bude dle p\u0159ihl\u00e1\u0161ek sestaven do haly op\u011bt nov\u00fd<br>rozvrh.<br>.<br>V p\u0159\u00edpad\u011b, \u017ee v podzimn\u00ed nebo zimn\u00ed sez\u00f3n\u011b ji\u017e nechcete pokra\u010dovat,<br>pros\u00edme informujte n\u00e1s &#8211; a\u0165 v\u00e1s v\u010das odhl\u00e1s\u00edme z tr\u00e9nink\u016f.<br><br>Tenisov\u00e1 sez\u00f3na 2023\/2024:<br>Ohledn\u011b p\u0159ihl\u00e1\u0161ek na dal\u0161\u00ed sez\u00f3nu (za\u010d\u00edn\u00e1 od 9.10.2023) v\u00e1s budeme<br>je\u0161t\u011b informovat. On-line p\u0159ihl\u00e1\u0161ky pro sez\u00f3nu 2023\/24 budou zprovozn\u011bny<br>na za\u010d\u00e1tku z\u00e1\u0159\u00ed.<\/p>\n","protected":false},"excerpt":{"rendered":"<p>Tenisov\u00e9 tr\u00e9ninky budou PRAVIDELN\u011a OD POND\u011aL\u00cd 4.Z\u00c1\u0158\u00cd a\u017e do p\u00e1tku6. \u0159\u00edjna. Tr\u00e9ninky budou t\u011bchto 5 t\u00fddn\u016f prob\u00edhat op\u011bt dle stejn\u00e9horozvrhu jako na ja\u0159e, v\u010d. p\u00e1te\u010dn\u00edch klubov\u00fdch tr\u00e9nink\u016f!!! Pro kr\u00e1tkodob\u00e9 omluvy z tr\u00e9ninku pou\u017eijte op\u011bt informa\u010dn\u00ed syst\u00e9mtenisov\u00e9 \u0161koly:\u00a0https:\/\/skola.xtenis.cz\/V syst\u00e9mu jsou aktu\u00e1ln\u011b zadan\u00e9 hodiny od 4. do 15. z\u00e1\u0159\u00ed, hodiny budeme dosyst\u00e9mu pr\u016fb\u011b\u017en\u011b dopl\u0148ovat..Pokud budete m\u00edt probl\u00e9m [&hellip;]<\/p>\n","protected":false},"author":1,"featured_media":0,"comment_status":"closed","ping_status":"open","sticky":false,"template":"","format":"standard","meta":[],"categories":[1],"tags":[],"_links":{"self":[{"href":"https:\/\/www.tenisovaakademiecelakovice.cz\/index.php?rest_route=\/wp\/v2\/posts\/723"}],"collection":[{"href":"https:\/\/www.tenisovaakademiecelakovice.cz\/index.php?rest_route=\/wp\/v2\/posts"}],"about":[{"href":"https:\/\/www.tenisovaakademiecelakovice.cz\/index.php?rest_route=\/wp\/v2\/types\/post"}],"author":[{"embeddable":true,"href":"https:\/\/www.tenisovaakademiecelakovice.cz\/index.php?rest_route=\/wp\/v2\/users\/1"}],"replies":[{"embeddable":true,"href":"https:\/\/www.tenisovaakademiecelakovice.cz\/index.php?rest_route=%2Fwp%2Fv2%2Fcomments&post=723"}],"version-history":[{"count":1,"href":"https:\/\/www.tenisovaakademiecelakovice.cz\/index.php?rest_route=\/wp\/v2\/posts\/723\/revisions"}],"predecessor-version":[{"id":724,"href":"https:\/\/www.tenisovaakademiecelakovice.cz\/index.php?rest_route=\/wp\/v2\/posts\/723\/revisions\/724"}],"wp:attachment":[{"href":"https:\/\/www.tenisovaakademiecelakovice.cz\/index.php?rest_route=%2Fwp%2Fv2%2Fmedia&parent=723"}],"wp:term":[{"taxonomy":"category","embeddable":true,"href":"https:\/\/www.tenisovaakademiecelakovice.cz\/index.php?rest_route=%2Fwp%2Fv2%2Fcategories&post=723"},{"taxonomy":"post_tag","embeddable":true,"href":"https:\/\/www.tenisovaakademiecelakovice.cz\/index.php?rest_route=%2Fwp%2Fv2%2Ftags&post=723"}],"curies":[{"name":"wp","href":"https:\/\/api.w.org\/{rel}","templated":true}]}}